{"id":780507,"date":"2017-10-28T18:26:22","date_gmt":"2017-10-28T20:26:22","guid":{"rendered":"https:\/\/neurovirtual.com\/br\/?p=780507"},"modified":"2018-03-20T10:28:15","modified_gmt":"2018-03-20T13:28:15","slug":"mexico-realiza-o-xii-congresso-bienal-de-medicina-do-sono","status":"publish","type":"post","link":"https:\/\/neurovirtual.com\/br\/mexico-realiza-o-xii-congresso-bienal-de-medicina-do-sono\/","title":{"rendered":"M\u00e9xico realiza o XII Congresso Bienal de Medicina do Sono"},"content":{"rendered":"<p><a href=\"https:\/\/neurovirtual.com\/br\/wp-content\/uploads\/2017\/11\/banner.jpg\"><img decoding=\"async\" class=\"aligncenter size-full wp-image-780510\" src=\"https:\/\/neurovirtual.com\/br\/wp-content\/uploads\/2017\/11\/banner.jpg\" alt=\"banner\" width=\"959\" height=\"300\" srcset=\"https:\/\/neurovirtual.com\/br\/wp-content\/uploads\/2017\/11\/banner.jpg 959w, https:\/\/neurovirtual.com\/br\/wp-content\/uploads\/2017\/11\/banner-300x94.jpg 300w, https:\/\/neurovirtual.com\/br\/wp-content\/uploads\/2017\/11\/banner-799x250.jpg 799w, https:\/\/neurovirtual.com\/br\/wp-content\/uploads\/2017\/11\/banner-460x144.jpg 460w\" sizes=\"(max-width: 959px) 100vw, 959px\" \/><\/a><\/p>\n<p>Mais de 300 pessoas, entre m\u00e9dicos e especialistas, se reuniram no Grand Hotel na Cidade do M\u00e9xico, de 26 a 28 de outubro, para participar do 12\u00ba Congresso Nacional Bienal da Medicina do Sono. O tema principal do evento foi \u201cA import\u00e2ncia dos dist\u00farbios do sono na sa\u00fade p\u00fablica\u201d, conduzido pelo secret\u00e1rio de sa\u00fade do M\u00e9xico, Dr. Jos\u00e9 Narro Robles.<br \/>\n<a href=\"https:\/\/neurovirtual.com\/br\/wp-content\/uploads\/2017\/11\/20171028_124736.jpg\"><img decoding=\"async\" class=\"aligncenter wp-image-780512 size-medium\" src=\"https:\/\/neurovirtual.com\/br\/wp-content\/uploads\/2017\/11\/20171028_124736-300x277.jpg\" alt=\"20171028_124736\" width=\"300\" height=\"277\" srcset=\"https:\/\/neurovirtual.com\/br\/wp-content\/uploads\/2017\/11\/20171028_124736-300x277.jpg 300w, https:\/\/neurovirtual.com\/br\/wp-content\/uploads\/2017\/11\/20171028_124736-271x250.jpg 271w, https:\/\/neurovirtual.com\/br\/wp-content\/uploads\/2017\/11\/20171028_124736-369x340.jpg 369w, https:\/\/neurovirtual.com\/br\/wp-content\/uploads\/2017\/11\/20171028_124736.jpg 707w\" sizes=\"(max-width: 300px) 100vw, 300px\" \/><\/a><\/p>\n<p>Foram diversas palestras nacionais e internacionais que trouxeram ao p\u00fablico o que h\u00e1 de mais recente e inovador em medicina do sono. Al\u00e9m de semin\u00e1rios houve tamb\u00e9m workshops, onde os inscritos puderam discutir os assuntos expostos com os grandes t\u00e9cnicos da \u00e1rea. Destaque internacional para a participa\u00e7\u00e3o da Universidade M\u00e9dica da Carolina do Sul, nos Estados Unidos. O evento foi aprovado pela Sociedade Mexicana de Neurofisiologia Cl\u00ednica A.C. e teve valor curricular para os participantes.<img decoding=\"async\" class=\"aligncenter wp-image-780514 size-medium\" src=\"https:\/\/neurovirtual.com\/br\/wp-content\/uploads\/2017\/11\/AMN-3-300x225.jpg\" alt=\"AMN 3\" width=\"300\" height=\"225\" srcset=\"https:\/\/neurovirtual.com\/br\/wp-content\/uploads\/2017\/11\/AMN-3-300x225.jpg 300w, https:\/\/neurovirtual.com\/br\/wp-content\/uploads\/2017\/11\/AMN-3-334x250.jpg 334w, https:\/\/neurovirtual.com\/br\/wp-content\/uploads\/2017\/11\/AMN-3-454x340.jpg 454w, https:\/\/neurovirtual.com\/br\/wp-content\/uploads\/2017\/11\/AMN-3.jpg 870w\" sizes=\"(max-width: 300px) 100vw, 300px\" \/><\/p>\n<p>A Sleepvirtual participou do congresso e mostrou aos especialistas o que h\u00e1 de mais moderno em equipamentos para diagn\u00f3sticos precisos dos dist\u00farbios do sono. Atrav\u00e9s da participa\u00e7\u00e3o em eventos como este, \u00e9 poss\u00edvel avaliar todas as necessidades dos especialistas e conhecer os estudos mais recentes do tema, e desta forma, fornecer uma solu\u00e7\u00e3o cada vez mais adequada a estas necessidades.<\/p>\n","protected":false},"excerpt":{"rendered":"<p>Mais de 300 pessoas, entre m\u00e9dicos e especialistas, se reuniram no Grand Hotel na Cidade do M\u00e9xico, de 26 a 28 de outubro, para participar do 12\u00ba Congresso Nacional Bienal da Medicina do Sono. O tema principal do evento foi \u201cA import\u00e2ncia dos dist\u00farbios do sono na sa\u00fade p\u00fablica\u201d, conduzido pelo secret\u00e1rio de sa\u00fade do&#8230;<\/p>\n","protected":false},"author":6,"featured_media":780509,"comment_status":"open","ping_status":"open","sticky":false,"template":"","format":"standard","meta":{"_acf_changed":false,"_joinchat":[],"footnotes":""},"categories":[15,16],"tags":[],"acf":[],"_links":{"self":[{"href":"https:\/\/neurovirtual.com\/br\/wp-json\/wp\/v2\/posts\/780507"}],"collection":[{"href":"https:\/\/neurovirtual.com\/br\/wp-json\/wp\/v2\/posts"}],"about":[{"href":"https:\/\/neurovirtual.com\/br\/wp-json\/wp\/v2\/types\/post"}],"author":[{"embeddable":true,"href":"https:\/\/neurovirtual.com\/br\/wp-json\/wp\/v2\/users\/6"}],"replies":[{"embeddable":true,"href":"https:\/\/neurovirtual.com\/br\/wp-json\/wp\/v2\/comments?post=780507"}],"version-history":[{"count":3,"href":"https:\/\/neurovirtual.com\/br\/wp-json\/wp\/v2\/posts\/780507\/revisions"}],"predecessor-version":[{"id":783495,"href":"https:\/\/neurovirtual.com\/br\/wp-json\/wp\/v2\/posts\/780507\/revisions\/783495"}],"wp:featuredmedia":[{"embeddable":true,"href":"https:\/\/neurovirtual.com\/br\/wp-json\/wp\/v2\/media\/780509"}],"wp:attachment":[{"href":"https:\/\/neurovirtual.com\/br\/wp-json\/wp\/v2\/media?parent=780507"}],"wp:term":[{"taxonomy":"category","embeddable":true,"href":"https:\/\/neurovirtual.com\/br\/wp-json\/wp\/v2\/categories?post=780507"},{"taxonomy":"post_tag","embeddable":true,"href":"https:\/\/neurovirtual.com\/br\/wp-json\/wp\/v2\/tags?post=780507"}],"curies":[{"name":"wp","href":"https:\/\/api.w.org\/{rel}","templated":true}]}}