{"id":780364,"date":"2017-09-17T11:14:56","date_gmt":"2017-09-17T14:14:56","guid":{"rendered":"https:\/\/neurovirtual.com\/br\/?p=780364"},"modified":"2018-03-15T16:40:05","modified_gmt":"2018-03-15T19:40:05","slug":"sleepvirtual-participa-do-4o-congresso-de-disturbios-do-sono-em-porto-rico","status":"publish","type":"post","link":"https:\/\/neurovirtual.com\/br\/sleepvirtual-participa-do-4o-congresso-de-disturbios-do-sono-em-porto-rico\/","title":{"rendered":"Sleepvirtual participa do 4\u00ba Congresso de Dist\u00farbios do Sono em Porto Rico"},"content":{"rendered":"<p><a href=\"https:\/\/neurovirtual.com\/br\/wp-content\/uploads\/2017\/09\/capa2.jpg\"><img decoding=\"async\" class=\"aligncenter size-full wp-image-780371\" src=\"https:\/\/neurovirtual.com\/br\/wp-content\/uploads\/2017\/09\/capa2.jpg\" alt=\"capa\" width=\"985\" height=\"207\" \/><\/a><\/p>\n<p>Nos dias 16 e 17 de setembro Porto Rico recebeu diversos especialistas em medicina do sono para participar do \u201c4\u00ba Congresso de Dist\u00farbios do Sono\u201d do pa\u00eds, que aconteceu no Embassy Suites, na bel\u00edssima cidade de Isla Verde.<\/p>\n<p><a href=\"https:\/\/neurovirtual.com\/br\/wp-content\/uploads\/2017\/11\/porto-rico-2.jpg\"><img decoding=\"async\" class=\"aligncenter size-medium wp-image-780366\" src=\"https:\/\/neurovirtual.com\/br\/wp-content\/uploads\/2017\/11\/porto-rico-2-225x300.jpg\" alt=\"porto rico 2\" width=\"225\" height=\"300\" srcset=\"https:\/\/neurovirtual.com\/br\/wp-content\/uploads\/2017\/11\/porto-rico-2-225x300.jpg 225w, https:\/\/neurovirtual.com\/br\/wp-content\/uploads\/2017\/11\/porto-rico-2-768x1024.jpg 768w, https:\/\/neurovirtual.com\/br\/wp-content\/uploads\/2017\/11\/porto-rico-2-188x250.jpg 188w, https:\/\/neurovirtual.com\/br\/wp-content\/uploads\/2017\/11\/porto-rico-2-255x340.jpg 255w, https:\/\/neurovirtual.com\/br\/wp-content\/uploads\/2017\/11\/porto-rico-2.jpg 1440w\" sizes=\"(max-width: 225px) 100vw, 225px\" \/><\/a><\/p>\n<p>Entre os principais temas das confer\u00eancias estavam &#8220;mem\u00f3ria e sono&#8221;, &#8220;reduzindo o risco cardiovascular na apneia obstrutiva do sono, al\u00e9m do tratamento com CPAP&#8221;, &#8220;o papel da psicologia na medicina do sono&#8221; e &#8220;gest\u00e3o de dist\u00farbios do sono da hipercapnia: o que fazer e como faz\u00ea-lo&#8221;, entre outros t\u00f3picos e palestrantes. Os dois dias se encerraram com uma sess\u00e3o de perguntas e respostas onde os participantes puderam compartilhar informa\u00e7\u00f5es e tirar d\u00favidas pr\u00e1ticas.<\/p>\n<p><a href=\"https:\/\/neurovirtual.com\/br\/wp-content\/uploads\/2017\/11\/porto-rico-3.jpg\"><img decoding=\"async\" class=\"aligncenter wp-image-780367 size-medium\" src=\"https:\/\/neurovirtual.com\/br\/wp-content\/uploads\/2017\/11\/porto-rico-3-300x225.jpg\" alt=\"porto rico 3\" width=\"300\" height=\"225\" srcset=\"https:\/\/neurovirtual.com\/br\/wp-content\/uploads\/2017\/11\/porto-rico-3-300x225.jpg 300w, https:\/\/neurovirtual.com\/br\/wp-content\/uploads\/2017\/11\/porto-rico-3-1024x768.jpg 1024w, https:\/\/neurovirtual.com\/br\/wp-content\/uploads\/2017\/11\/porto-rico-3-333x250.jpg 333w, https:\/\/neurovirtual.com\/br\/wp-content\/uploads\/2017\/11\/porto-rico-3-453x340.jpg 453w, https:\/\/neurovirtual.com\/br\/wp-content\/uploads\/2017\/11\/porto-rico-3.jpg 1920w\" sizes=\"(max-width: 300px) 100vw, 300px\" \/><\/a><\/p>\n<p>Participante ativa do evento, a Sleepvirtual apresentou seu equipamento mais recente: o BWMini HST\/PSG, equipamento que possui 30 canais e comunica\u00e7\u00e3o USB, al\u00e9m de contar com alta qualidade de v\u00eddeo sincronizado.<\/p>\n<p><em>\u201c\u00c9 sempre importante para a Sleepvirtual participar de congressos ao redor do mundo. Desta forma, trocamos informa\u00e7\u00f5es e discutimos as principais necessidades dos m\u00e9dicos que usam nossos produtos. Em Porto Rico, pudemos mostrar o que temos de mais atual, com tecnologia de ponta\u201d<\/em>, diz Sergio Solis consultor de neg\u00f3cios da Sleepvirtual.<a href=\"https:\/\/neurovirtual.com\/br\/wp-content\/uploads\/2017\/11\/porto-rico.jpg\"><img decoding=\"async\" class=\"aligncenter wp-image-780365 size-medium\" src=\"https:\/\/neurovirtual.com\/br\/wp-content\/uploads\/2017\/11\/porto-rico-300x225.jpg\" alt=\"\" width=\"300\" height=\"225\" srcset=\"https:\/\/neurovirtual.com\/br\/wp-content\/uploads\/2017\/11\/porto-rico-300x225.jpg 300w, https:\/\/neurovirtual.com\/br\/wp-content\/uploads\/2017\/11\/porto-rico-1024x768.jpg 1024w, https:\/\/neurovirtual.com\/br\/wp-content\/uploads\/2017\/11\/porto-rico-333x250.jpg 333w, https:\/\/neurovirtual.com\/br\/wp-content\/uploads\/2017\/11\/porto-rico-453x340.jpg 453w, https:\/\/neurovirtual.com\/br\/wp-content\/uploads\/2017\/11\/porto-rico.jpg 1920w\" sizes=\"(max-width: 300px) 100vw, 300px\" \/><\/a><\/p>\n","protected":false},"excerpt":{"rendered":"<p>Nos dias 16 e 17 de setembro Porto Rico recebeu diversos especialistas em medicina do sono para participar do \u201c4\u00ba Congresso de Dist\u00farbios do Sono\u201d do pa\u00eds, que aconteceu no Embassy Suites, na bel\u00edssima cidade de Isla Verde. Entre os principais temas das confer\u00eancias estavam &#8220;mem\u00f3ria e sono&#8221;, &#8220;reduzindo o risco cardiovascular na apneia obstrutiva&#8230;<\/p>\n","protected":false},"author":6,"featured_media":780368,"comment_status":"open","ping_status":"open","sticky":false,"template":"","format":"standard","meta":{"_acf_changed":false,"_joinchat":[],"footnotes":""},"categories":[15],"tags":[],"acf":[],"_links":{"self":[{"href":"https:\/\/neurovirtual.com\/br\/wp-json\/wp\/v2\/posts\/780364"}],"collection":[{"href":"https:\/\/neurovirtual.com\/br\/wp-json\/wp\/v2\/posts"}],"about":[{"href":"https:\/\/neurovirtual.com\/br\/wp-json\/wp\/v2\/types\/post"}],"author":[{"embeddable":true,"href":"https:\/\/neurovirtual.com\/br\/wp-json\/wp\/v2\/users\/6"}],"replies":[{"embeddable":true,"href":"https:\/\/neurovirtual.com\/br\/wp-json\/wp\/v2\/comments?post=780364"}],"version-history":[{"count":6,"href":"https:\/\/neurovirtual.com\/br\/wp-json\/wp\/v2\/posts\/780364\/revisions"}],"predecessor-version":[{"id":783483,"href":"https:\/\/neurovirtual.com\/br\/wp-json\/wp\/v2\/posts\/780364\/revisions\/783483"}],"wp:featuredmedia":[{"embeddable":true,"href":"https:\/\/neurovirtual.com\/br\/wp-json\/wp\/v2\/media\/780368"}],"wp:attachment":[{"href":"https:\/\/neurovirtual.com\/br\/wp-json\/wp\/v2\/media?parent=780364"}],"wp:term":[{"taxonomy":"category","embeddable":true,"href":"https:\/\/neurovirtual.com\/br\/wp-json\/wp\/v2\/categories?post=780364"},{"taxonomy":"post_tag","embeddable":true,"href":"https:\/\/neurovirtual.com\/br\/wp-json\/wp\/v2\/tags?post=780364"}],"curies":[{"name":"wp","href":"https:\/\/api.w.org\/{rel}","templated":true}]}}