{"id":780303,"date":"2017-09-24T15:15:01","date_gmt":"2017-09-24T18:15:01","guid":{"rendered":"https:\/\/neurovirtual.com\/br\/?p=780303"},"modified":"2017-11-07T14:18:04","modified_gmt":"2017-11-07T16:18:04","slug":"iii-congresso-nacional-de-eletrodiagnostico-e-doencas-neuromusculares-reune-medicos-e-especialistas-na-colombia","status":"publish","type":"post","link":"https:\/\/neurovirtual.com\/br\/iii-congresso-nacional-de-eletrodiagnostico-e-doencas-neuromusculares-reune-medicos-e-especialistas-na-colombia\/","title":{"rendered":"III Congresso Nacional de Eletrodiagn\u00f3stico e Doen\u00e7as  Neuromusculares re\u00fane m\u00e9dicos e especialistas na Col\u00f4mbia"},"content":{"rendered":"<p><a href=\"https:\/\/neurovirtual.com\/br\/wp-content\/uploads\/2017\/11\/capa_colombia.jpg\"><img decoding=\"async\" class=\"aligncenter size-full wp-image-780305\" src=\"https:\/\/neurovirtual.com\/br\/wp-content\/uploads\/2017\/11\/capa_colombia.jpg\" alt=\"capa_colombia\" width=\"985\" height=\"207\" srcset=\"https:\/\/neurovirtual.com\/br\/wp-content\/uploads\/2017\/11\/capa_colombia.jpg 985w, https:\/\/neurovirtual.com\/br\/wp-content\/uploads\/2017\/11\/capa_colombia-300x63.jpg 300w, https:\/\/neurovirtual.com\/br\/wp-content\/uploads\/2017\/11\/capa_colombia-460x97.jpg 460w\" sizes=\"(max-width: 985px) 100vw, 985px\" \/><\/a><\/p>\n<p>Este ano, a cidade de Medelin, na Col\u00f4mbia, foi a escolhida para sediar o III Congresso Nacional de Eletrodiagn\u00f3stico e Doen\u00e7as Neuromusculares. Ao todo, 150 profissionais estiveram reunidos entre os dias 22 e 24 de setembro, compartilhando informa\u00e7\u00f5es e trocando experi\u00eancias sobre o tema.<\/p>\n<p>Promovido pela Asociaci\u00f3n Colombiana de Medicina Electrodiagnostica (AsCMEDx), o evento teve como objetivo fortalecer a uni\u00e3o de especialistas e m\u00e9dicos para manter a educa\u00e7\u00e3o cont\u00ednua e pesquisa de patologias do sistema nervoso e tamb\u00e9m colocar lado a lado os laborat\u00f3rios e empresas que fornecem as ferramentas necess\u00e1rias para a realiza\u00e7\u00e3o dos exames.<\/p>\n<p><a href=\"https:\/\/neurovirtual.com\/br\/wp-content\/uploads\/2017\/09\/MG_0060-003.jpg\"><img decoding=\"async\" class=\"aligncenter size-medium wp-image-780379\" src=\"https:\/\/neurovirtual.com\/br\/wp-content\/uploads\/2017\/09\/MG_0060-003-300x200.jpg\" alt=\"_MG_0060 (003)\" width=\"300\" height=\"200\" srcset=\"https:\/\/neurovirtual.com\/br\/wp-content\/uploads\/2017\/09\/MG_0060-003-300x200.jpg 300w, https:\/\/neurovirtual.com\/br\/wp-content\/uploads\/2017\/09\/MG_0060-003-1024x683.jpg 1024w, https:\/\/neurovirtual.com\/br\/wp-content\/uploads\/2017\/09\/MG_0060-003-375x250.jpg 375w, https:\/\/neurovirtual.com\/br\/wp-content\/uploads\/2017\/09\/MG_0060-003-460x307.jpg 460w, https:\/\/neurovirtual.com\/br\/wp-content\/uploads\/2017\/09\/MG_0060-003.jpg 1920w\" sizes=\"(max-width: 300px) 100vw, 300px\" \/><\/a><\/p>\n<p>A Neurovirtual, participante do evento, apresentou os equipamentos EMG de dois canais com potenciais auditivos e visuais e BWIII Plus, ambos provocaram bastante interesse por parte dos participantes do evento que visitaram o estande da Neurovirtual.<\/p>\n<p><em>\u201cA Neurovirtual est\u00e1 presente na maioria dos congressos e confer\u00eancias sobre o tema em diversas partes do mundo. Mostrar nossos equipamentos para m\u00e9dicos e t\u00e9cnicos e ressaltar nossa miss\u00e3o de humanizar cada vez mais os diagn\u00f3sticos \u00e9 nosso objetivo ao participar de eventos como este.\u201d<\/em>, diz Deisy Rojas, Gerente Comercial da Neurovirtual LATAM.<\/p>\n","protected":false},"excerpt":{"rendered":"<p>Este ano, a cidade de Medelin, na Col\u00f4mbia, foi a escolhida para sediar o III Congresso Nacional de Eletrodiagn\u00f3stico e Doen\u00e7as Neuromusculares. Ao todo, 150 profissionais estiveram reunidos entre os dias 22 e 24 de setembro, compartilhando informa\u00e7\u00f5es e trocando experi\u00eancias sobre o tema. Promovido pela Asociaci\u00f3n Colombiana de Medicina Electrodiagnostica (AsCMEDx), o evento teve&#8230;<\/p>\n","protected":false},"author":6,"featured_media":780304,"comment_status":"open","ping_status":"open","sticky":false,"template":"","format":"standard","meta":{"_acf_changed":false,"_joinchat":[],"footnotes":""},"categories":[15],"tags":[],"acf":[],"_links":{"self":[{"href":"https:\/\/neurovirtual.com\/br\/wp-json\/wp\/v2\/posts\/780303"}],"collection":[{"href":"https:\/\/neurovirtual.com\/br\/wp-json\/wp\/v2\/posts"}],"about":[{"href":"https:\/\/neurovirtual.com\/br\/wp-json\/wp\/v2\/types\/post"}],"author":[{"embeddable":true,"href":"https:\/\/neurovirtual.com\/br\/wp-json\/wp\/v2\/users\/6"}],"replies":[{"embeddable":true,"href":"https:\/\/neurovirtual.com\/br\/wp-json\/wp\/v2\/comments?post=780303"}],"version-history":[{"count":3,"href":"https:\/\/neurovirtual.com\/br\/wp-json\/wp\/v2\/posts\/780303\/revisions"}],"predecessor-version":[{"id":780380,"href":"https:\/\/neurovirtual.com\/br\/wp-json\/wp\/v2\/posts\/780303\/revisions\/780380"}],"wp:featuredmedia":[{"embeddable":true,"href":"https:\/\/neurovirtual.com\/br\/wp-json\/wp\/v2\/media\/780304"}],"wp:attachment":[{"href":"https:\/\/neurovirtual.com\/br\/wp-json\/wp\/v2\/media?parent=780303"}],"wp:term":[{"taxonomy":"category","embeddable":true,"href":"https:\/\/neurovirtual.com\/br\/wp-json\/wp\/v2\/categories?post=780303"},{"taxonomy":"post_tag","embeddable":true,"href":"https:\/\/neurovirtual.com\/br\/wp-json\/wp\/v2\/tags?post=780303"}],"curies":[{"name":"wp","href":"https:\/\/api.w.org\/{rel}","templated":true}]}}