{"id":780293,"date":"2017-10-10T14:20:21","date_gmt":"2017-10-10T17:20:21","guid":{"rendered":"https:\/\/neurovirtual.com\/br\/?p=780293"},"modified":"2017-11-07T13:57:35","modified_gmt":"2017-11-07T15:57:35","slug":"neurovirtual-participa-do-xviii-congreso-de-neurologia-e-xvii-jornada-da-liga-ecuatoriana-contra-la-epilepsia-no-equador","status":"publish","type":"post","link":"https:\/\/neurovirtual.com\/br\/neurovirtual-participa-do-xviii-congreso-de-neurologia-e-xvii-jornada-da-liga-ecuatoriana-contra-la-epilepsia-no-equador\/","title":{"rendered":"Neurovirtual participa do XVIII Congreso de Neurolog\u00eda e XVII Jornada da Liga Ecuatoriana contra la Epilepsia no Equador"},"content":{"rendered":"<p><a href=\"https:\/\/neurovirtual.com\/br\/wp-content\/uploads\/2017\/11\/capa-EQUADOR.jpg\"><img decoding=\"async\" class=\"aligncenter size-full wp-image-780296\" src=\"https:\/\/neurovirtual.com\/br\/wp-content\/uploads\/2017\/11\/capa-EQUADOR.jpg\" alt=\"capa EQUADOR\" width=\"985\" height=\"207\" srcset=\"https:\/\/neurovirtual.com\/br\/wp-content\/uploads\/2017\/11\/capa-EQUADOR.jpg 985w, https:\/\/neurovirtual.com\/br\/wp-content\/uploads\/2017\/11\/capa-EQUADOR-300x63.jpg 300w, https:\/\/neurovirtual.com\/br\/wp-content\/uploads\/2017\/11\/capa-EQUADOR-460x97.jpg 460w\" sizes=\"(max-width: 985px) 100vw, 985px\" \/><\/a><\/p>\n<p>Aconteceu na cidade de Cuenca, no Equador, de 7 a 10 de outubro, o XVIII Congresso de Neurologia, organizado pela SEN (Sociedad M\u00e9dica Ecuatoriana de Neurolog\u00eda), e a XVII Jornada da Liga Ecuatoriana contra la Epilepsia (LECE).<\/p>\n<p>Com o objetivo de atualizar o conhecimento de todos aqueles que se interessam pelo campo de neurologia, com base nos \u00faltimos avan\u00e7os da \u00e1rea, especialistas nacionais e internacionais em diferentes \u00e1reas da atua\u00e7\u00e3o foram convidados para participar do evento como palestrantes e dividir os estudos mais recentes do assunto.<\/p>\n<p><a href=\"https:\/\/neurovirtual.com\/br\/wp-content\/uploads\/2017\/10\/IMG_20171007_103553_467.jpg\"><img decoding=\"async\" class=\"aligncenter size-medium wp-image-780376\" src=\"https:\/\/neurovirtual.com\/br\/wp-content\/uploads\/2017\/10\/IMG_20171007_103553_467-300x238.jpg\" alt=\"IMG_20171007_103553_467\" width=\"300\" height=\"238\" srcset=\"https:\/\/neurovirtual.com\/br\/wp-content\/uploads\/2017\/10\/IMG_20171007_103553_467-300x238.jpg 300w, https:\/\/neurovirtual.com\/br\/wp-content\/uploads\/2017\/10\/IMG_20171007_103553_467-315x250.jpg 315w, https:\/\/neurovirtual.com\/br\/wp-content\/uploads\/2017\/10\/IMG_20171007_103553_467-428x340.jpg 428w, https:\/\/neurovirtual.com\/br\/wp-content\/uploads\/2017\/10\/IMG_20171007_103553_467.jpg 746w\" sizes=\"(max-width: 300px) 100vw, 300px\" \/><\/a><\/p>\n<p>Entre os temas de destaque, neuroimunologia, esclerose m\u00faltipla, transtornos do movimento, doen\u00e7as c\u00e9rebro-vasculares, doen\u00e7as neuromusculares, e Alzheimer. Os semin\u00e1rios foram apresentados por professores e especialistas equatorianos, al\u00e9m de convidados internacionais do Chile, Col\u00f4mbia, Estados Unidos, M\u00e9xico, Argentina, Espanha e Canad\u00e1.<\/p>\n<p><em>\u201cMais uma vez, estivemos presentes num evento que reuniu grandes especialistas em neurologia de diversos pa\u00edses do mundo. Para n\u00f3s, da Neurovirtual, a troca de informa\u00e7\u00f5es \u00e9 extremamente rica e continuaremos participando de todas as discuss\u00f5es sobre o tema, ouvindo m\u00e9dicos e especialistas e entendendo as reais necessidades da \u00e1rea.\u201d<\/em>, diz Deisy Rojas, Gerente Comercial da Neurovirtual LATAM.<\/p>\n","protected":false},"excerpt":{"rendered":"<p>Aconteceu na cidade de Cuenca, no Equador, de 7 a 10 de outubro, o XVIII Congresso de Neurologia, organizado pela SEN (Sociedad M\u00e9dica Ecuatoriana de Neurolog\u00eda), e a XVII Jornada da Liga Ecuatoriana contra la Epilepsia (LECE). Com o objetivo de atualizar o conhecimento de todos aqueles que se interessam pelo campo de neurologia, com&#8230;<\/p>\n","protected":false},"author":6,"featured_media":780295,"comment_status":"open","ping_status":"open","sticky":false,"template":"","format":"standard","meta":{"_acf_changed":false,"_joinchat":[],"footnotes":""},"categories":[15],"tags":[],"acf":[],"_links":{"self":[{"href":"https:\/\/neurovirtual.com\/br\/wp-json\/wp\/v2\/posts\/780293"}],"collection":[{"href":"https:\/\/neurovirtual.com\/br\/wp-json\/wp\/v2\/posts"}],"about":[{"href":"https:\/\/neurovirtual.com\/br\/wp-json\/wp\/v2\/types\/post"}],"author":[{"embeddable":true,"href":"https:\/\/neurovirtual.com\/br\/wp-json\/wp\/v2\/users\/6"}],"replies":[{"embeddable":true,"href":"https:\/\/neurovirtual.com\/br\/wp-json\/wp\/v2\/comments?post=780293"}],"version-history":[{"count":2,"href":"https:\/\/neurovirtual.com\/br\/wp-json\/wp\/v2\/posts\/780293\/revisions"}],"predecessor-version":[{"id":780377,"href":"https:\/\/neurovirtual.com\/br\/wp-json\/wp\/v2\/posts\/780293\/revisions\/780377"}],"wp:featuredmedia":[{"embeddable":true,"href":"https:\/\/neurovirtual.com\/br\/wp-json\/wp\/v2\/media\/780295"}],"wp:attachment":[{"href":"https:\/\/neurovirtual.com\/br\/wp-json\/wp\/v2\/media?parent=780293"}],"wp:term":[{"taxonomy":"category","embeddable":true,"href":"https:\/\/neurovirtual.com\/br\/wp-json\/wp\/v2\/categories?post=780293"},{"taxonomy":"post_tag","embeddable":true,"href":"https:\/\/neurovirtual.com\/br\/wp-json\/wp\/v2\/tags?post=780293"}],"curies":[{"name":"wp","href":"https:\/\/api.w.org\/{rel}","templated":true}]}}