{"id":780283,"date":"2017-10-08T14:00:26","date_gmt":"2017-10-08T17:00:26","guid":{"rendered":"https:\/\/neurovirtual.com\/br\/?p=780283"},"modified":"2017-12-07T15:42:39","modified_gmt":"2017-12-07T17:42:39","slug":"punta-cana-sedia-o-xxvi-congresso-dominicano-internacional-de-neurologia-e-neurocirurgia","status":"publish","type":"post","link":"https:\/\/neurovirtual.com\/br\/punta-cana-sedia-o-xxvi-congresso-dominicano-internacional-de-neurologia-e-neurocirurgia\/","title":{"rendered":"Punta Cana sedia o XXVI Congresso Dominicano Internacional  de Neurologia e Neurocirurgia"},"content":{"rendered":"<p><a href=\"https:\/\/neurovirtual.com\/br\/wp-content\/uploads\/2017\/11\/capa-congresso-republica-dominicana-2.jpg\"><img decoding=\"async\" class=\"aligncenter size-full wp-image-780285\" src=\"https:\/\/neurovirtual.com\/br\/wp-content\/uploads\/2017\/11\/capa-congresso-republica-dominicana-2.jpg\" alt=\"capa congresso republica dominicana 2\" width=\"985\" height=\"207\" srcset=\"https:\/\/neurovirtual.com\/br\/wp-content\/uploads\/2017\/11\/capa-congresso-republica-dominicana-2.jpg 985w, https:\/\/neurovirtual.com\/br\/wp-content\/uploads\/2017\/11\/capa-congresso-republica-dominicana-2-300x63.jpg 300w, https:\/\/neurovirtual.com\/br\/wp-content\/uploads\/2017\/11\/capa-congresso-republica-dominicana-2-460x97.jpg 460w\" sizes=\"(max-width: 985px) 100vw, 985px\" \/><\/a><\/p>\n<p style=\"text-align: justify;\">Cerca de 270 profissionais se reuniram, de\u00a05 a 8 de outubro, na bel\u00edssima cidade de\u00a0Punta Cana, na Rep\u00fablica Dominicana, para\u00a0participar do XXVI Congresso\u00a0Dominicano Internacional de\u00a0Neurologia e Neurocirurgia. Com\u00a0a participa\u00e7\u00e3o de especialistas\u00a0nacionais e internacionais, o\u00a0evento teve como temas centrais\u00a0a neuropediatria, dor neurop\u00e1tica,\u00a0tumores cerebrais, neurocirurgia,\u00a0neurocirurgia funcional, entre\u00a0outros.<\/p>\n<p style=\"text-align: justify;\">Especialistas do M\u00e9xico, Estados\u00a0Unidos, Argentina, Costa Rica,\u00a0Brasil e Rep\u00fablica Dominicana ministraram palestras\u00a0e pain\u00e9is sobre a utilidade da endoscopia na m\u00e1\u00a0forma\u00e7\u00e3o cerebral; sobre o\u00a0tratamento da h\u00e9rnia de disco\u00a0pelo procedimento ambulatorial\u00a0da dicotomia percut\u00e2nea por laser;\u00a0e sobre o infarto cerebral emb\u00f3lico\u00a0de origem indeterminada.<br \/>\n<a href=\"https:\/\/neurovirtual.com\/br\/wp-content\/uploads\/2017\/10\/20171005_193748.jpg\"><img decoding=\"async\" class=\"aligncenter size-medium wp-image-780290\" src=\"https:\/\/neurovirtual.com\/br\/wp-content\/uploads\/2017\/10\/20171005_193748-300x225.jpg\" alt=\"20171005_193748\" width=\"300\" height=\"225\" srcset=\"https:\/\/neurovirtual.com\/br\/wp-content\/uploads\/2017\/10\/20171005_193748-300x225.jpg 300w, https:\/\/neurovirtual.com\/br\/wp-content\/uploads\/2017\/10\/20171005_193748-1024x768.jpg 1024w, https:\/\/neurovirtual.com\/br\/wp-content\/uploads\/2017\/10\/20171005_193748-333x250.jpg 333w, https:\/\/neurovirtual.com\/br\/wp-content\/uploads\/2017\/10\/20171005_193748-453x340.jpg 453w, https:\/\/neurovirtual.com\/br\/wp-content\/uploads\/2017\/10\/20171005_193748.jpg 1920w\" sizes=\"(max-width: 300px) 100vw, 300px\" \/><\/a><\/p>\n<p style=\"text-align: justify;\">O programa cient\u00edfico do\u00a0congresso tamb\u00e9m inclui\u00a0palestras sobre esclerose\u00a0m\u00faltipla, oftalmoplegia e\u00a0altera\u00e7\u00f5es lingu\u00edsticas; encefalite\u00a0necrotizante, apresenta\u00e7\u00e3o de caso; e efeitos de\u00a0convuls\u00f5es na cogni\u00e7\u00e3o e humor de pacientes com\u00a0epilepsia.<\/p>\n<p style=\"text-align: justify;\">A Neurovirtual montou um estande\u00a0para apresentar seus produtos,\u00a0com profissionais qualificados para\u00a0responder perguntas e material de\u00a0informa\u00e7\u00e3o sobre os equipamentos.\u00a0V\u00e1rios especialistas visitaram o\u00a0espa\u00e7o da Neurovirtual para tirar\u00a0d\u00favidas e conhecer os aparelhos\u00a0mais recentes. No estande, foram\u00a0entregues os cat\u00e1logos EEG e a\u00a0revista Neurovirtual News 19, 20 e\u00a021 para mais de 50 visitantes.\u00a0Destaque para o BWIII EEG Plus ICU Monitoriza\u00e7\u00e3o EEG,<br \/>\nque permite a personaliza\u00e7\u00e3o de protocolos para a UTI\u00a0neuro e v\u00eddeo EEG com avalia\u00e7\u00e3o\u00a0m\u00e9dica on-line a partir de qualquer\u00a0esta\u00e7\u00e3o de trabalho.<a href=\"https:\/\/neurovirtual.com\/br\/wp-content\/uploads\/2017\/11\/20171006_123622.jpg\"><img decoding=\"async\" class=\"aligncenter size-medium wp-image-780286\" src=\"https:\/\/neurovirtual.com\/br\/wp-content\/uploads\/2017\/11\/20171006_123622-300x225.jpg\" alt=\"20171006_123622\" width=\"300\" height=\"225\" srcset=\"https:\/\/neurovirtual.com\/br\/wp-content\/uploads\/2017\/11\/20171006_123622-300x225.jpg 300w, https:\/\/neurovirtual.com\/br\/wp-content\/uploads\/2017\/11\/20171006_123622-1024x768.jpg 1024w, https:\/\/neurovirtual.com\/br\/wp-content\/uploads\/2017\/11\/20171006_123622-333x250.jpg 333w, https:\/\/neurovirtual.com\/br\/wp-content\/uploads\/2017\/11\/20171006_123622-453x340.jpg 453w, https:\/\/neurovirtual.com\/br\/wp-content\/uploads\/2017\/11\/20171006_123622.jpg 1920w\" sizes=\"(max-width: 300px) 100vw, 300px\" \/><\/a>A Gerente Comercial da\u00a0Neurovirtual-LATAM, Deisy Rojas,\u00a0participou do evento e destaca:<em>\u00a0\u201c\u00c9 importante estarmos presentes\u00a0junto aos especialistas, que tem a\u00a0oportunidade de conhecer nossos\u00a0equipamentos e trocar informa\u00e7\u00f5es\u201d<\/em><\/p>\n<p>&nbsp;<\/p>\n","protected":false},"excerpt":{"rendered":"<p>Cerca de 270 profissionais se reuniram, de\u00a05 a 8 de outubro, na bel\u00edssima cidade de\u00a0Punta Cana, na Rep\u00fablica Dominicana, para\u00a0participar do XXVI Congresso\u00a0Dominicano Internacional de\u00a0Neurologia e Neurocirurgia. Com\u00a0a participa\u00e7\u00e3o de especialistas\u00a0nacionais e internacionais, o\u00a0evento teve como temas centrais\u00a0a neuropediatria, dor neurop\u00e1tica,\u00a0tumores cerebrais, neurocirurgia,\u00a0neurocirurgia funcional, entre\u00a0outros. Especialistas do M\u00e9xico, Estados\u00a0Unidos, Argentina, Costa Rica,\u00a0Brasil e Rep\u00fablica Dominicana&#8230;<\/p>\n","protected":false},"author":6,"featured_media":780284,"comment_status":"open","ping_status":"open","sticky":false,"template":"","format":"standard","meta":{"_acf_changed":false,"_joinchat":[],"footnotes":""},"categories":[15],"tags":[],"acf":[],"_links":{"self":[{"href":"https:\/\/neurovirtual.com\/br\/wp-json\/wp\/v2\/posts\/780283"}],"collection":[{"href":"https:\/\/neurovirtual.com\/br\/wp-json\/wp\/v2\/posts"}],"about":[{"href":"https:\/\/neurovirtual.com\/br\/wp-json\/wp\/v2\/types\/post"}],"author":[{"embeddable":true,"href":"https:\/\/neurovirtual.com\/br\/wp-json\/wp\/v2\/users\/6"}],"replies":[{"embeddable":true,"href":"https:\/\/neurovirtual.com\/br\/wp-json\/wp\/v2\/comments?post=780283"}],"version-history":[{"count":7,"href":"https:\/\/neurovirtual.com\/br\/wp-json\/wp\/v2\/posts\/780283\/revisions"}],"predecessor-version":[{"id":782283,"href":"https:\/\/neurovirtual.com\/br\/wp-json\/wp\/v2\/posts\/780283\/revisions\/782283"}],"wp:featuredmedia":[{"embeddable":true,"href":"https:\/\/neurovirtual.com\/br\/wp-json\/wp\/v2\/media\/780284"}],"wp:attachment":[{"href":"https:\/\/neurovirtual.com\/br\/wp-json\/wp\/v2\/media?parent=780283"}],"wp:term":[{"taxonomy":"category","embeddable":true,"href":"https:\/\/neurovirtual.com\/br\/wp-json\/wp\/v2\/categories?post=780283"},{"taxonomy":"post_tag","embeddable":true,"href":"https:\/\/neurovirtual.com\/br\/wp-json\/wp\/v2\/tags?post=780283"}],"curies":[{"name":"wp","href":"https:\/\/api.w.org\/{rel}","templated":true}]}}