{"id":780274,"date":"2017-10-06T13:31:39","date_gmt":"2017-10-06T16:31:39","guid":{"rendered":"https:\/\/neurovirtual.com\/br\/?p=780274"},"modified":"2017-11-07T14:27:30","modified_gmt":"2017-11-07T16:27:30","slug":"liga-argentina-contra-a-epilepsia-promove-congresso-em-buenos-aires","status":"publish","type":"post","link":"https:\/\/neurovirtual.com\/br\/liga-argentina-contra-a-epilepsia-promove-congresso-em-buenos-aires\/","title":{"rendered":"Liga Argentina contra a epilepsia promove congresso em Buenos Aires"},"content":{"rendered":"<p><a href=\"https:\/\/neurovirtual.com\/br\/wp-content\/uploads\/2017\/11\/capa-lace.jpg\"><img decoding=\"async\" class=\"size-full wp-image-780276\" src=\"https:\/\/neurovirtual.com\/br\/wp-content\/uploads\/2017\/11\/capa-lace.jpg\" alt=\"capa lace\" width=\"985\" height=\"207\" srcset=\"https:\/\/neurovirtual.com\/br\/wp-content\/uploads\/2017\/11\/capa-lace.jpg 985w, https:\/\/neurovirtual.com\/br\/wp-content\/uploads\/2017\/11\/capa-lace-300x63.jpg 300w, https:\/\/neurovirtual.com\/br\/wp-content\/uploads\/2017\/11\/capa-lace-460x97.jpg 460w\" sizes=\"(max-width: 985px) 100vw, 985px\" \/><\/a><\/p>\n<p>M\u00e9dicos e especialistas de diversos pa\u00edses participaram, nos dias 5 e 6 de outubro, do Congresso da LACE \u2013 Liga Argentina contra a Epilepsia, que trouxe, al\u00e9m de estudos e palestras relevantes, diversos cases para a an\u00e1lise dos participantes.<\/p>\n<p><a href=\"https:\/\/neurovirtual.com\/br\/wp-content\/uploads\/2017\/10\/IMG_20171005_162353.jpg\"><img decoding=\"async\" class=\"size-medium wp-image-780383 aligncenter\" src=\"https:\/\/neurovirtual.com\/br\/wp-content\/uploads\/2017\/10\/IMG_20171005_162353-259x300.jpg\" alt=\"dav\" width=\"259\" height=\"300\" srcset=\"https:\/\/neurovirtual.com\/br\/wp-content\/uploads\/2017\/10\/IMG_20171005_162353-259x300.jpg 259w, https:\/\/neurovirtual.com\/br\/wp-content\/uploads\/2017\/10\/IMG_20171005_162353-885x1024.jpg 885w, https:\/\/neurovirtual.com\/br\/wp-content\/uploads\/2017\/10\/IMG_20171005_162353-216x250.jpg 216w, https:\/\/neurovirtual.com\/br\/wp-content\/uploads\/2017\/10\/IMG_20171005_162353-294x340.jpg 294w, https:\/\/neurovirtual.com\/br\/wp-content\/uploads\/2017\/10\/IMG_20171005_162353.jpg 1659w\" sizes=\"(max-width: 259px) 100vw, 259px\" \/><\/a><\/p>\n<p>Entre os palestrantes, destaque para Dr. Andres Kanner, m\u00e9dico americano que falou sobre transtornos psiqui\u00e1tricos em pacientes com epilepsia, e para a Dra. Helen Cross, do Reino Unido, que fez palestras sobre enfoques terap\u00eauticos sobre epilepsia de dif\u00edcil tratamento. Outro ponto alto do congresso foi o 8\u00ba Curso de cirug\u00eda de epilepsia nos centros de epilepsia latinoamericanos e na Cleveland Clinic Foundation, ministrado pelo Dr. Imad Najm. O congresso foi finalizado com uma sess\u00e3o de estudos de caso, ao final do segundo dia.<\/p>\n<p><a href=\"https:\/\/neurovirtual.com\/br\/wp-content\/uploads\/2017\/10\/IMG_20171005_162313.jpg\"><img decoding=\"async\" class=\"size-medium wp-image-780381 aligncenter\" src=\"https:\/\/neurovirtual.com\/br\/wp-content\/uploads\/2017\/10\/IMG_20171005_162313-225x300.jpg\" alt=\"dav\" width=\"225\" height=\"300\" srcset=\"https:\/\/neurovirtual.com\/br\/wp-content\/uploads\/2017\/10\/IMG_20171005_162313-225x300.jpg 225w, https:\/\/neurovirtual.com\/br\/wp-content\/uploads\/2017\/10\/IMG_20171005_162313-768x1024.jpg 768w, https:\/\/neurovirtual.com\/br\/wp-content\/uploads\/2017\/10\/IMG_20171005_162313-188x250.jpg 188w, https:\/\/neurovirtual.com\/br\/wp-content\/uploads\/2017\/10\/IMG_20171005_162313-255x340.jpg 255w, https:\/\/neurovirtual.com\/br\/wp-content\/uploads\/2017\/10\/IMG_20171005_162313.jpg 1440w\" sizes=\"(max-width: 225px) 100vw, 225px\" \/><\/a><\/p>\n<p>Durante o congresso, a Neurovirtual apresentou sua linha de equipamentos com tecnologia de ponta. Destaque para o <a href=\"https:\/\/neurovirtual.com\/br\/equipamento\/bwiii-eeg-plus-icu-monitoracao-eeg\/\">BWIII EEG Plus ICU Monitoriza\u00e7\u00e3o EEG<\/a>, que permite a personaliza\u00e7\u00e3o de protocolos para a UTI neuro e v\u00eddeo EEG com avalia\u00e7\u00e3o m\u00e9dica on-line a partir de qualquer esta\u00e7\u00e3o de trabalho, entre outras possibilidades.<\/p>\n<p><em>\u00a0\u201cA Neurovirtual est\u00e1 presente na maioria dos congressos e confer\u00eancias sobre o tema em diversas partes do mundo. Mostrar nossos equipamentos para m\u00e9dicos e t\u00e9cnicos e ressaltar nossa miss\u00e3o de humanizar cada vez mais os diagn\u00f3sticos, nosso principal objetivo ao participar de eventos como este.\u201d<\/em>, diz Dubi Quevedo, ejecutiva de cuentas, da Neurovirtual Argentina.<\/p>\n","protected":false},"excerpt":{"rendered":"<p>M\u00e9dicos e especialistas de diversos pa\u00edses participaram, nos dias 5 e 6 de outubro, do Congresso da LACE \u2013 Liga Argentina contra a Epilepsia, que trouxe, al\u00e9m de estudos e palestras relevantes, diversos cases para a an\u00e1lise dos participantes. Entre os palestrantes, destaque para Dr. Andres Kanner, m\u00e9dico americano que falou sobre transtornos psiqui\u00e1tricos em&#8230;<\/p>\n","protected":false},"author":6,"featured_media":780275,"comment_status":"open","ping_status":"open","sticky":false,"template":"","format":"standard","meta":{"_acf_changed":false,"_joinchat":[],"footnotes":""},"categories":[15,16],"tags":[],"acf":[],"_links":{"self":[{"href":"https:\/\/neurovirtual.com\/br\/wp-json\/wp\/v2\/posts\/780274"}],"collection":[{"href":"https:\/\/neurovirtual.com\/br\/wp-json\/wp\/v2\/posts"}],"about":[{"href":"https:\/\/neurovirtual.com\/br\/wp-json\/wp\/v2\/types\/post"}],"author":[{"embeddable":true,"href":"https:\/\/neurovirtual.com\/br\/wp-json\/wp\/v2\/users\/6"}],"replies":[{"embeddable":true,"href":"https:\/\/neurovirtual.com\/br\/wp-json\/wp\/v2\/comments?post=780274"}],"version-history":[{"count":5,"href":"https:\/\/neurovirtual.com\/br\/wp-json\/wp\/v2\/posts\/780274\/revisions"}],"predecessor-version":[{"id":780385,"href":"https:\/\/neurovirtual.com\/br\/wp-json\/wp\/v2\/posts\/780274\/revisions\/780385"}],"wp:featuredmedia":[{"embeddable":true,"href":"https:\/\/neurovirtual.com\/br\/wp-json\/wp\/v2\/media\/780275"}],"wp:attachment":[{"href":"https:\/\/neurovirtual.com\/br\/wp-json\/wp\/v2\/media?parent=780274"}],"wp:term":[{"taxonomy":"category","embeddable":true,"href":"https:\/\/neurovirtual.com\/br\/wp-json\/wp\/v2\/categories?post=780274"},{"taxonomy":"post_tag","embeddable":true,"href":"https:\/\/neurovirtual.com\/br\/wp-json\/wp\/v2\/tags?post=780274"}],"curies":[{"name":"wp","href":"https:\/\/api.w.org\/{rel}","templated":true}]}}