{"id":779291,"date":"2017-09-23T17:13:01","date_gmt":"2017-09-23T20:13:01","guid":{"rendered":"https:\/\/neurovirtual.com\/br\/?p=779291"},"modified":"2017-12-07T15:31:26","modified_gmt":"2017-12-07T17:31:26","slug":"curso-eletroencefalograma-da-rotina-a-monitorizacao-continua-reune-especialistas-em-sao-paulo","status":"publish","type":"post","link":"https:\/\/neurovirtual.com\/br\/curso-eletroencefalograma-da-rotina-a-monitorizacao-continua-reune-especialistas-em-sao-paulo\/","title":{"rendered":"Curso \u201cEletroencefalograma: da rotina \u00e0 monitoriza\u00e7\u00e3o cont\u00ednua\u201d  re\u00fane especialistas em S\u00e3o Paulo"},"content":{"rendered":"<p><span style=\"font-size: 12pt;\"><a href=\"http:\/\/neurovirtual.com\/wp-content\/uploads\/2017\/10\/capa-curso-eeg.png\"><img decoding=\"async\" class=\"wp-image-791291 aligncenter\" src=\"http:\/\/neurovirtual.com\/wp-content\/uploads\/2017\/10\/capa-curso-eeg-1024x312.png\" alt=\"capa curso eeg\" width=\"779\" height=\"237\" \/><\/a><\/span><\/p>\n<p>Mais de 100 profissionais, entre Neurologistas,\u00a0Neuropediatras, Neurocirurgi\u00f5es e t\u00e9cnicos\u00a0de EEG se reuniram em S\u00e3o Paulo no\u00a0\u00faltimo dia 23 de setembro para participar do curso\u00a0\u201cEletroencefalograma: da rotina \u00e0 monitoriza\u00e7\u00e3o\u00a0cont\u00ednua\u201d, idealizado pela Liga Brasileira de Epilepsia\u00a0(LBE), Sociedade Brasileira de Neurofisiologia Cl\u00ednica\u00a0(SBNC) e Neurovirtual.<\/p>\n<div align=\"center\">\n<p><iframe loading=\"lazy\" title=\"Curso \u201cEletroencefalograma: da rotina \u00e0 monitoriza\u00e7\u00e3o cont\u00ednua\u201d\" width=\"500\" height=\"281\" src=\"https:\/\/www.youtube.com\/embed\/OxvR9EYx3zI?feature=oembed\" frameborder=\"0\" allow=\"accelerometer; autoplay; clipboard-write; encrypted-media; gyroscope; picture-in-picture; web-share\" referrerpolicy=\"strict-origin-when-cross-origin\" allowfullscreen><\/iframe><\/p>\n<\/div>\n<p style=\"text-align: left;\">Elaborado pela Dra. Elza M\u00e1rcia Yacubian (UNIFESP) e\u00a0pelo Dr. Luis Ot\u00e1vio Caboclo (Chefe da Neurofisiologia\u00a0do HIAE \u2013 Hospital Israelita Albert Einstein), o objetivo\u00a0do curso foi promover o aperfei\u00e7oamento te\u00f3rico e\u00a0pr\u00e1tico de profissionais que realizam exames de EEG. <em>\u201cO\u00a0eletroencefalograma \u00e9 insubstitu\u00edvel na neurologia e tem\u00a0tido um desenvolvimento consider\u00e1vel com o surgimento\u00a0de uma nova especialidade: o eletroencefalograma em\u00a0unidade de tratamento intensivo, de significado \u00edmpar\u00a0para o diagn\u00f3stico dos pacientes neurol\u00f3gicos em geral<\/em>\u201d,\u00a0afirmou a Dra. Elza M\u00e1rcia, professora de neurologia da\u00a0UNIFESP (Universidade Federal de S\u00e3o Paulo).<\/p>\n<p style=\"text-align: left;\"><span style=\"font-size: 12pt;\"><a href=\"http:\/\/neurovirtual.com\/wp-content\/uploads\/2017\/10\/Neurovitual_0113.jpg\"><img decoding=\"async\" class=\"aligncenter wp-image-791301 size-medium\" src=\"http:\/\/neurovirtual.com\/wp-content\/uploads\/2017\/10\/Neurovitual_0113-300x200.jpg\" alt=\"\" width=\"300\" height=\"200\" \/><\/a><\/span><\/p>\n<p>Durante o evento, os participantes puderam conhecer\u00a0os equipamentos de alta tecnologia da Neurovirtual.\u00a0Destaque para o BWIII EEG Plus ICU, um equipamento\u00a0completo que possibilita ao usu\u00e1rio executar o EEG\u00a0cl\u00ednico, V\u00eddeo EEG e Monitoriza\u00e7\u00e3o cont\u00ednua a partir do\u00a0mesmo hardware. A verifica\u00e7\u00e3o de imped\u00e2ncia integrada\u00a0diretamente do amplificador permite que os t\u00e9cnicos\u00a0chequem o estado da imped\u00e2ncia sem ter que sair do\u00a0lado do paciente.<\/p>\n<p>O curso teve dura\u00e7\u00e3o de um dia e as palestras, bastantedin\u00e2micas, tiveram dura\u00e7\u00e3o de cerca de meia hora cada,\u00a0as quais foram realizadas no per\u00edodo da manh\u00e3. A Dra.\u00a0Elza M\u00e1rcia Yacubian falou, entre outros temas, sobre\u00a0t\u00e9cnicas de ativa\u00e7\u00e3o, hiperventila\u00e7\u00e3o e fotostimula\u00e7\u00e3o, da\u00a0atividade epileptiforme e das indica\u00e7\u00f5es do EEG segundo\u00a0s\u00edndrome epil\u00e9ptica.<br \/>\nO Dr. Luis Otavio Cabloco, do Hospital Albert\u00a0Einstein, discutiu com os participantes o consenso de\u00a0nomenclatura, e a Dra. Mirian Guaranha (M\u00e9dica no\u00a0Hospital S\u00edrio Liban\u00eas e professora da UNIFESP) trouxe\u00a0o tema: <em>&#8220;Artefatos: como identific\u00e1-los e corrigi-los&#8221;<\/em>.\u00a0Segundo a neuropediatra Dra. Paula Girotto (M\u00e9dica\u00a0do Hospital Infantil Sabar\u00e1, em S\u00e3o Paulo), palestrante\u00a0que abriu o evento com a apresenta\u00e7\u00e3o: Introdu\u00e7\u00e3o ao\u00a0EEG \u2013 T\u00e9cnica 10-20 e 10-10. Por que medir? Eletrodos\u00a0especiais, <em>\u201ca intera\u00e7\u00e3o entre m\u00e9dicos e t\u00e9cnicos melhora\u00a0muito a aquisi\u00e7\u00e3o do eletroenc\u00e9falo e melhora bastante a\u00a0qualidade dos laudos tamb\u00e9m\u201d.<\/em><br \/>\n<span style=\"font-size: 12pt;\"><a href=\"http:\/\/neurovirtual.com\/wp-content\/uploads\/2017\/10\/Neurovitual_0031.jpg\"><img decoding=\"async\" class=\"aligncenter wp-image-791296 size-medium\" src=\"http:\/\/neurovirtual.com\/wp-content\/uploads\/2017\/10\/Neurovitual_0031-300x200.jpg\" alt=\"Neurovitual_0031\" width=\"300\" height=\"200\" \/><\/a><\/span><\/p>\n<p>Logo ap\u00f3s o almo\u00e7o, todos se organizaram para o curso\u00a0pr\u00e1tico, que testou o conhecimento dos participantes e\u00a0possibilitou a troca de experi\u00eancias e informa\u00e7\u00f5es entre eles.<br \/>\nA presidente da Liga Brasileira de Epilepsia, Dra. Maria\u00a0Luiza Manreza, elogiou o fato do curso ser extremamente\u00a0 pr\u00e1tico<em> \u201cNo curso foram ressaltados os principais\u00a0fatores que devem ser pesquisados e analisados no\u00a0eletroencefalograma, e tamb\u00e9m foram mostradas as\u00a0dificuldades na interpreta\u00e7\u00e3o deste exame\u201d<\/em>, completa.<br \/>\n<span style=\"font-size: 12pt;\"><a href=\"http:\/\/neurovirtual.com\/wp-content\/uploads\/2017\/10\/Neurovitual_0088.jpg\"><img decoding=\"async\" class=\"aligncenter wp-image-791300 size-medium\" src=\"http:\/\/neurovirtual.com\/wp-content\/uploads\/2017\/10\/Neurovitual_0088-300x200.jpg\" alt=\"Neurovitual_0088\" width=\"300\" height=\"200\" \/><\/a><\/span><\/p>\n<p><span style=\"font-size: 12pt;\"><em>\u201cNosso objetivo \u00e9 promover o aperfei\u00e7oamento te\u00f3rico\u00a0<\/em><em>e pr\u00e1tico de profissionais que realizam exames de EEG,\u00a0<\/em><em>com ferramentas e informa\u00e7\u00f5es que causem um impacto\u00a0<\/em><em>positivo na rotina dos pacientes e seus familiares.\u201d<\/em>,\u00a0expressa Ed Faria, CEO da Neurovirtual.<a href=\"https:\/\/neurovirtual.com\/br\/wp-content\/uploads\/2017\/09\/Neurovitual_principal.jpg\"><img decoding=\"async\" class=\"aligncenter size-medium wp-image-779296\" src=\"https:\/\/neurovirtual.com\/br\/wp-content\/uploads\/2017\/09\/Neurovitual_principal-300x159.jpg\" alt=\"Neurovitual_principal\" width=\"300\" height=\"159\" srcset=\"https:\/\/neurovirtual.com\/br\/wp-content\/uploads\/2017\/09\/Neurovitual_principal-300x159.jpg 300w, https:\/\/neurovirtual.com\/br\/wp-content\/uploads\/2017\/09\/Neurovitual_principal-1024x541.jpg 1024w, https:\/\/neurovirtual.com\/br\/wp-content\/uploads\/2017\/09\/Neurovitual_principal-473x250.jpg 473w, https:\/\/neurovirtual.com\/br\/wp-content\/uploads\/2017\/09\/Neurovitual_principal-460x243.jpg 460w, https:\/\/neurovirtual.com\/br\/wp-content\/uploads\/2017\/09\/Neurovitual_principal.jpg 1920w\" sizes=\"(max-width: 300px) 100vw, 300px\" \/><\/a><\/span><\/p>\n<p><span style=\"font-size: 12pt;\"><a href=\"http:\/\/neurovirtual.com\/wp-content\/uploads\/2017\/10\/20170923_161253.jpg\"><img decoding=\"async\" class=\"aligncenter size-medium wp-image-791293\" src=\"http:\/\/neurovirtual.com\/wp-content\/uploads\/2017\/10\/20170923_161253-300x225.jpg\" alt=\"20170923_161253\" width=\"300\" height=\"225\" \/><\/a><\/span><\/p>\n<p><span style=\"font-size: 12pt;\"><a href=\"http:\/\/neurovirtual.com\/wp-content\/uploads\/2017\/10\/Neurovitual_0025.jpg\"><img decoding=\"async\" class=\"aligncenter size-medium wp-image-791295\" src=\"http:\/\/neurovirtual.com\/wp-content\/uploads\/2017\/10\/Neurovitual_0025-300x200.jpg\" alt=\"Neurovitual_0025\" width=\"300\" height=\"200\" \/><\/a><\/span><\/p>\n<p><span style=\"font-size: 12pt;\"><a href=\"http:\/\/neurovirtual.com\/wp-content\/uploads\/2017\/10\/Neurovitual_0032.jpg\"><img decoding=\"async\" class=\"aligncenter size-medium wp-image-791297\" src=\"http:\/\/neurovirtual.com\/wp-content\/uploads\/2017\/10\/Neurovitual_0032-300x200.jpg\" alt=\"Neurovitual_0032\" width=\"300\" height=\"200\" \/><\/a><\/span><\/p>\n","protected":false},"excerpt":{"rendered":"<p>Mais de 100 profissionais, entre Neurologistas,\u00a0Neuropediatras, Neurocirurgi\u00f5es e t\u00e9cnicos\u00a0de EEG se reuniram em S\u00e3o Paulo no\u00a0\u00faltimo dia 23 de setembro para participar do curso\u00a0\u201cEletroencefalograma: da rotina \u00e0 monitoriza\u00e7\u00e3o\u00a0cont\u00ednua\u201d, idealizado pela Liga Brasileira de Epilepsia\u00a0(LBE), Sociedade Brasileira de Neurofisiologia Cl\u00ednica\u00a0(SBNC) e Neurovirtual. Elaborado pela Dra. Elza M\u00e1rcia Yacubian (UNIFESP) e\u00a0pelo Dr. Luis Ot\u00e1vio Caboclo (Chefe da&#8230;<\/p>\n","protected":false},"author":6,"featured_media":779292,"comment_status":"open","ping_status":"open","sticky":false,"template":"","format":"standard","meta":{"_acf_changed":false,"_joinchat":[],"footnotes":""},"categories":[18,16],"tags":[],"acf":[],"_links":{"self":[{"href":"https:\/\/neurovirtual.com\/br\/wp-json\/wp\/v2\/posts\/779291"}],"collection":[{"href":"https:\/\/neurovirtual.com\/br\/wp-json\/wp\/v2\/posts"}],"about":[{"href":"https:\/\/neurovirtual.com\/br\/wp-json\/wp\/v2\/types\/post"}],"author":[{"embeddable":true,"href":"https:\/\/neurovirtual.com\/br\/wp-json\/wp\/v2\/users\/6"}],"replies":[{"embeddable":true,"href":"https:\/\/neurovirtual.com\/br\/wp-json\/wp\/v2\/comments?post=779291"}],"version-history":[{"count":19,"href":"https:\/\/neurovirtual.com\/br\/wp-json\/wp\/v2\/posts\/779291\/revisions"}],"predecessor-version":[{"id":782277,"href":"https:\/\/neurovirtual.com\/br\/wp-json\/wp\/v2\/posts\/779291\/revisions\/782277"}],"wp:featuredmedia":[{"embeddable":true,"href":"https:\/\/neurovirtual.com\/br\/wp-json\/wp\/v2\/media\/779292"}],"wp:attachment":[{"href":"https:\/\/neurovirtual.com\/br\/wp-json\/wp\/v2\/media?parent=779291"}],"wp:term":[{"taxonomy":"category","embeddable":true,"href":"https:\/\/neurovirtual.com\/br\/wp-json\/wp\/v2\/categories?post=779291"},{"taxonomy":"post_tag","embeddable":true,"href":"https:\/\/neurovirtual.com\/br\/wp-json\/wp\/v2\/tags?post=779291"}],"curies":[{"name":"wp","href":"https:\/\/api.w.org\/{rel}","templated":true}]}}