{"id":778505,"date":"2017-07-29T13:08:40","date_gmt":"2017-07-29T16:08:40","guid":{"rendered":"https:\/\/neurovirtual.com\/br\/?p=778505"},"modified":"2017-12-07T16:06:18","modified_gmt":"2017-12-07T18:06:18","slug":"neurovirtual-participa-do-xl-congresso-camelice-no-mexico","status":"publish","type":"post","link":"https:\/\/neurovirtual.com\/br\/neurovirtual-participa-do-xl-congresso-camelice-no-mexico\/","title":{"rendered":"Neurovirtual participa do XL Congresso Camelice, no M\u00e9xico"},"content":{"rendered":"<p style=\"text-align: justify;\"><a href=\"https:\/\/neurovirtual.com\/br\/wp-content\/uploads\/2017\/09\/capa-camelice-2.png\"><img decoding=\"async\" class=\"size-full wp-image-778510\" src=\"https:\/\/neurovirtual.com\/br\/wp-content\/uploads\/2017\/09\/capa-camelice-2.png\" alt=\"capa camelice 2\" width=\"985\" height=\"207\" \/><\/a><\/p>\n<p style=\"text-align: justify;\">Cerca de 350 especialistas em neurologia e\u00a0epilepsia participaram do XL Congresso Camelice\u00a0(Capitulo Mexicano de la Liga Contra la Epilepsia),\u00a0que aconteceu no final de julho, em Tijuana. O evento\u00a0teve um programa em parceria om a Universidade de\u00a0Calgary e ofereceu cursos sobre epilepsia via sat\u00e9lite\u00a0para psic\u00f3logos e neurologistas.<\/p>\n<p style=\"text-align: justify;\"><a href=\"https:\/\/neurovirtual.com\/br\/wp-content\/uploads\/2017\/09\/IMG_7523.jpg\"><img decoding=\"async\" class=\"aligncenter size-medium wp-image-778512\" src=\"https:\/\/neurovirtual.com\/br\/wp-content\/uploads\/2017\/09\/IMG_7523-300x133.jpg\" alt=\"IMG_7523\" width=\"300\" height=\"133\" srcset=\"https:\/\/neurovirtual.com\/br\/wp-content\/uploads\/2017\/09\/IMG_7523-300x133.jpg 300w, https:\/\/neurovirtual.com\/br\/wp-content\/uploads\/2017\/09\/IMG_7523-1024x454.jpg 1024w, https:\/\/neurovirtual.com\/br\/wp-content\/uploads\/2017\/09\/IMG_7523-564x250.jpg 564w, https:\/\/neurovirtual.com\/br\/wp-content\/uploads\/2017\/09\/IMG_7523-460x204.jpg 460w, https:\/\/neurovirtual.com\/br\/wp-content\/uploads\/2017\/09\/IMG_7523.jpg 1920w\" sizes=\"(max-width: 300px) 100vw, 300px\" \/><\/a><\/p>\n<p style=\"text-align: justify;\"><a href=\"https:\/\/neurovirtual.com\/br\/wp-content\/uploads\/2017\/09\/IMG_7509.jpg\"><img decoding=\"async\" class=\"aligncenter size-medium wp-image-778511\" src=\"https:\/\/neurovirtual.com\/br\/wp-content\/uploads\/2017\/09\/IMG_7509-300x225.jpg\" alt=\"IMG_7509\" width=\"300\" height=\"225\" srcset=\"https:\/\/neurovirtual.com\/br\/wp-content\/uploads\/2017\/09\/IMG_7509-300x225.jpg 300w, https:\/\/neurovirtual.com\/br\/wp-content\/uploads\/2017\/09\/IMG_7509-1024x768.jpg 1024w, https:\/\/neurovirtual.com\/br\/wp-content\/uploads\/2017\/09\/IMG_7509-333x250.jpg 333w, https:\/\/neurovirtual.com\/br\/wp-content\/uploads\/2017\/09\/IMG_7509-453x340.jpg 453w, https:\/\/neurovirtual.com\/br\/wp-content\/uploads\/2017\/09\/IMG_7509.jpg 1920w\" sizes=\"(max-width: 300px) 100vw, 300px\" \/><\/a><\/p>\n<p style=\"text-align: justify;\">Entre os equipamentos apresentados pela Neurovirtual\u00a0aos participantes, destaque para o BWIII EEG Plus\u00a0ICU Monitoriza\u00e7\u00e3o EEG, um dos mais avan\u00e7ados do\u00a0mercado. O equipamento permite personaliza\u00e7\u00e3o de\u00a0protocolos para a UTI neuro, NICU, Trauma de UTI,\u00a0v\u00eddeo EEG \/ LTM e avalia\u00e7\u00e3o m\u00e9dica online a partir de\u00a0qualquer esta\u00e7\u00e3o de trabalho, incluindo dispositivos\u00a0m\u00f3veis.<\/p>\n<p style=\"text-align: justify;\">Outro aparelho apresentado foi o BWIII EEG, um\u00a0eletroencefal\u00f3grafo com mapeamento cerebral, \u00e1udio\u00a0e foto estimulador destinado a exames de rotina que\u00a0supera aos requisitos t\u00e9cnicos m\u00ednimos definidos pela\u00a0ACNS (American Clinical Neurophysiology Society).<\/p>\n<p style=\"text-align: justify;\"><a href=\"https:\/\/neurovirtual.com\/br\/wp-content\/uploads\/2017\/09\/IMG_7501.png\"><img decoding=\"async\" class=\"aligncenter size-medium wp-image-778509\" src=\"https:\/\/neurovirtual.com\/br\/wp-content\/uploads\/2017\/09\/IMG_7501-288x300.png\" alt=\"IMG_7501\" width=\"288\" height=\"300\" srcset=\"https:\/\/neurovirtual.com\/br\/wp-content\/uploads\/2017\/09\/IMG_7501-288x300.png 288w, https:\/\/neurovirtual.com\/br\/wp-content\/uploads\/2017\/09\/IMG_7501-983x1024.png 983w, https:\/\/neurovirtual.com\/br\/wp-content\/uploads\/2017\/09\/IMG_7501-240x250.png 240w, https:\/\/neurovirtual.com\/br\/wp-content\/uploads\/2017\/09\/IMG_7501-326x340.png 326w, https:\/\/neurovirtual.com\/br\/wp-content\/uploads\/2017\/09\/IMG_7501.png 1000w\" sizes=\"(max-width: 288px) 100vw, 288px\" \/><\/a><\/p>\n<p style=\"text-align: justify;\"><a href=\"https:\/\/neurovirtual.com\/br\/wp-content\/uploads\/2017\/07\/IMG-20170914-WA0011.jpg\"><img decoding=\"async\" class=\"aligncenter size-medium wp-image-780386\" src=\"https:\/\/neurovirtual.com\/br\/wp-content\/uploads\/2017\/07\/IMG-20170914-WA0011-300x225.jpg\" alt=\"IMG-20170914-WA0011\" width=\"300\" height=\"225\" srcset=\"https:\/\/neurovirtual.com\/br\/wp-content\/uploads\/2017\/07\/IMG-20170914-WA0011-300x225.jpg 300w, https:\/\/neurovirtual.com\/br\/wp-content\/uploads\/2017\/07\/IMG-20170914-WA0011-1024x768.jpg 1024w, https:\/\/neurovirtual.com\/br\/wp-content\/uploads\/2017\/07\/IMG-20170914-WA0011-333x250.jpg 333w, https:\/\/neurovirtual.com\/br\/wp-content\/uploads\/2017\/07\/IMG-20170914-WA0011-453x340.jpg 453w, https:\/\/neurovirtual.com\/br\/wp-content\/uploads\/2017\/07\/IMG-20170914-WA0011.jpg 1280w\" sizes=\"(max-width: 300px) 100vw, 300px\" \/><\/a><\/p>\n<p style=\"text-align: justify;\"><em>\u201cTivemos a oportunidade de encontrar v\u00e1rios de\u00a0nossos clientes, conversar com eles e entender suas\u00a0reais necessidades. Para a Neurovirtual \u00e9 muito\u00a0importante criar esses la\u00e7os de comunica\u00e7\u00e3o para\u00a0saber em detalhes o que eles precisam e apoi\u00e1-los da\u00a0maneira mais adequada\u201d<\/em>, disse Marcelo Belli, gerente\u00a0de vendas da Neurovirtual, representante da empresa\u00a0no evento.<\/p>\n","protected":false},"excerpt":{"rendered":"<p>Cerca de 350 especialistas em neurologia e\u00a0epilepsia participaram do XL Congresso Camelice\u00a0(Capitulo Mexicano de la Liga Contra la Epilepsia),\u00a0que aconteceu no final de julho, em Tijuana. O evento\u00a0teve um programa em parceria om a Universidade de\u00a0Calgary e ofereceu cursos sobre epilepsia via sat\u00e9lite\u00a0para psic\u00f3logos e neurologistas. Entre os equipamentos apresentados pela Neurovirtual\u00a0aos participantes, destaque para&#8230;<\/p>\n","protected":false},"author":6,"featured_media":778506,"comment_status":"open","ping_status":"open","sticky":false,"template":"","format":"standard","meta":{"_acf_changed":false,"_joinchat":[],"footnotes":""},"categories":[15,16],"tags":[],"acf":[],"_links":{"self":[{"href":"https:\/\/neurovirtual.com\/br\/wp-json\/wp\/v2\/posts\/778505"}],"collection":[{"href":"https:\/\/neurovirtual.com\/br\/wp-json\/wp\/v2\/posts"}],"about":[{"href":"https:\/\/neurovirtual.com\/br\/wp-json\/wp\/v2\/types\/post"}],"author":[{"embeddable":true,"href":"https:\/\/neurovirtual.com\/br\/wp-json\/wp\/v2\/users\/6"}],"replies":[{"embeddable":true,"href":"https:\/\/neurovirtual.com\/br\/wp-json\/wp\/v2\/comments?post=778505"}],"version-history":[{"count":8,"href":"https:\/\/neurovirtual.com\/br\/wp-json\/wp\/v2\/posts\/778505\/revisions"}],"predecessor-version":[{"id":782295,"href":"https:\/\/neurovirtual.com\/br\/wp-json\/wp\/v2\/posts\/778505\/revisions\/782295"}],"wp:featuredmedia":[{"embeddable":true,"href":"https:\/\/neurovirtual.com\/br\/wp-json\/wp\/v2\/media\/778506"}],"wp:attachment":[{"href":"https:\/\/neurovirtual.com\/br\/wp-json\/wp\/v2\/media?parent=778505"}],"wp:term":[{"taxonomy":"category","embeddable":true,"href":"https:\/\/neurovirtual.com\/br\/wp-json\/wp\/v2\/categories?post=778505"},{"taxonomy":"post_tag","embeddable":true,"href":"https:\/\/neurovirtual.com\/br\/wp-json\/wp\/v2\/tags?post=778505"}],"curies":[{"name":"wp","href":"https:\/\/api.w.org\/{rel}","templated":true}]}}