{"id":778162,"date":"2017-04-28T15:27:36","date_gmt":"2017-04-28T18:27:36","guid":{"rendered":"https:\/\/neurovirtual.com\/br\/?p=778162"},"modified":"2017-06-28T14:11:14","modified_gmt":"2017-06-28T17:11:14","slug":"neurovirtual-participa-do-69o-congresso-da-academia-americana-de-neurologia-em-boston-eua","status":"publish","type":"post","link":"https:\/\/neurovirtual.com\/br\/neurovirtual-participa-do-69o-congresso-da-academia-americana-de-neurologia-em-boston-eua\/","title":{"rendered":"69\u00ba Congresso da Academia Americana  de Neurologia, em Boston, EUA"},"content":{"rendered":"<p style=\"text-align: justify;\"><a href=\"https:\/\/neurovirtual.com\/br\/wp-content\/uploads\/2017\/06\/capa-AAN-2017.jpg\"><img decoding=\"async\" class=\"alignnone size-full wp-image-778163\" src=\"https:\/\/neurovirtual.com\/br\/wp-content\/uploads\/2017\/06\/capa-AAN-2017.jpg\" alt=\"capa AAN 2017\" width=\"805\" height=\"219\" srcset=\"https:\/\/neurovirtual.com\/br\/wp-content\/uploads\/2017\/06\/capa-AAN-2017.jpg 805w, https:\/\/neurovirtual.com\/br\/wp-content\/uploads\/2017\/06\/capa-AAN-2017-300x82.jpg 300w, https:\/\/neurovirtual.com\/br\/wp-content\/uploads\/2017\/06\/capa-AAN-2017-460x125.jpg 460w\" sizes=\"(max-width: 805px) 100vw, 805px\" \/><\/a><\/p>\n<p style=\"text-align: justify;\">Em sua 69\u00aa edi\u00e7\u00e3o, o tradicional Congresso da Academia Americana de Neurologia (AAN Annual Meeting) aconteceu este ano em Boston, \u00a0com diversas palestras simult\u00e2neas, al\u00e9m das sess\u00f5es plen\u00e1rias, que reuniram especialistas de diversas partes do mundo. Al\u00e9m das discuss\u00f5es cient\u00edficas e an\u00e1lises de estudos, os participantes puderam levar casos reais para debates.<\/p>\n<p style=\"text-align: justify;\">O congresso abriu espa\u00e7o para interessantes semin\u00e1rios sobre neuroci\u00eancia, com estudos in\u00e9ditos de pesquisadores internacionais. Al\u00e9m disso, as empresas do setor puderam apresentar seus produtos mais recentes, para um diagn\u00f3stico cada vez mais preciso.<\/p>\n<p style=\"text-align: justify;\">Entre os equipamentos apresentados pela Neurovirtual, destaque para o equipamento de monitora\u00e7\u00e3o <a href=\"https:\/\/neurovirtual.com\/br\/equipamento\/bwiii-eeg-plus-icu-monitoracao-eeg\/\">BWIII Plus LTM e ICU<\/a>, que possui um poderoso amplificador EEG de 50 canais, um carrinho ergon\u00f4mico, uma c\u00e2mera Sony Ipela PTZ high-end e um computador touchscreen em um \u00fanico aparelho, projetado para torn\u00e1-lo mais confort\u00e1vel e eficiente.<\/p>\n<p style=\"text-align: justify;\"><a href=\"https:\/\/neurovirtual.com\/br\/wp-content\/uploads\/2017\/06\/image1.jpeg\"><img decoding=\"async\" class=\"size-medium wp-image-778167 aligncenter\" src=\"https:\/\/neurovirtual.com\/br\/wp-content\/uploads\/2017\/06\/image1-300x225.jpeg\" alt=\"image1\" width=\"300\" height=\"225\" srcset=\"https:\/\/neurovirtual.com\/br\/wp-content\/uploads\/2017\/06\/image1-300x225.jpeg 300w, https:\/\/neurovirtual.com\/br\/wp-content\/uploads\/2017\/06\/image1-1024x768.jpeg 1024w, https:\/\/neurovirtual.com\/br\/wp-content\/uploads\/2017\/06\/image1-333x250.jpeg 333w, https:\/\/neurovirtual.com\/br\/wp-content\/uploads\/2017\/06\/image1-453x340.jpeg 453w, https:\/\/neurovirtual.com\/br\/wp-content\/uploads\/2017\/06\/image1.jpeg 1600w\" sizes=\"(max-width: 300px) 100vw, 300px\" \/><\/a><\/p>\n<p style=\"text-align: justify;\">Durante o evento, os participantes tamb\u00e9m puderam conhecer a mais recente equipamento para EEG da Neurovirtual, o sistema <a href=\"https:\/\/neurovirtual.com\/br\/equipamento\/bwiii-eeg-2\/\">BWIII EEG<\/a>\u00a0com 36 canais, lan\u00e7ado em abril de 2017. Este novo equipamento substitui o EEG de rotina BWII, com canais adicionais, uma taxa de amostragem maior e uma melhor resolu\u00e7\u00e3o.<\/p>\n<p style=\"text-align: justify;\">Felipe Lerida , especialista Clinico, e Sergio Solis consultor de neg\u00f3cios, representaram a Neurovirtual no Congresso da Academia Americana de Neurologia e destacaram o alto n\u00edvel das pesquisas apresentadas e a import\u00e2ncia da participa\u00e7\u00e3o nos eventos mundiais da \u00e1rea.<\/p>\n<p style=\"text-align: center;\"><a href=\"https:\/\/neurovirtual.com\/br\/wp-content\/uploads\/2017\/06\/foto-aan-3.png\"><img decoding=\"async\" class=\"alignnone size-medium wp-image-778165\" src=\"https:\/\/neurovirtual.com\/br\/wp-content\/uploads\/2017\/06\/foto-aan-3-300x225.png\" alt=\"foto-aan-3\" width=\"300\" height=\"225\" srcset=\"https:\/\/neurovirtual.com\/br\/wp-content\/uploads\/2017\/06\/foto-aan-3-300x225.png 300w, https:\/\/neurovirtual.com\/br\/wp-content\/uploads\/2017\/06\/foto-aan-3-1024x768.png 1024w, https:\/\/neurovirtual.com\/br\/wp-content\/uploads\/2017\/06\/foto-aan-3-333x250.png 333w, https:\/\/neurovirtual.com\/br\/wp-content\/uploads\/2017\/06\/foto-aan-3-453x340.png 453w, https:\/\/neurovirtual.com\/br\/wp-content\/uploads\/2017\/06\/foto-aan-3.png 1920w\" sizes=\"(max-width: 300px) 100vw, 300px\" \/><\/a><\/p>\n<p style=\"text-align: center;\"><a href=\"https:\/\/neurovirtual.com\/br\/wp-content\/uploads\/2017\/06\/foto-aan-4.png\"><img decoding=\"async\" class=\"alignnone size-medium wp-image-778166\" src=\"https:\/\/neurovirtual.com\/br\/wp-content\/uploads\/2017\/06\/foto-aan-4-225x300.png\" alt=\"foto-aan-4\" width=\"225\" height=\"300\" srcset=\"https:\/\/neurovirtual.com\/br\/wp-content\/uploads\/2017\/06\/foto-aan-4-225x300.png 225w, https:\/\/neurovirtual.com\/br\/wp-content\/uploads\/2017\/06\/foto-aan-4-768x1024.png 768w, https:\/\/neurovirtual.com\/br\/wp-content\/uploads\/2017\/06\/foto-aan-4-188x250.png 188w, https:\/\/neurovirtual.com\/br\/wp-content\/uploads\/2017\/06\/foto-aan-4-255x340.png 255w, https:\/\/neurovirtual.com\/br\/wp-content\/uploads\/2017\/06\/foto-aan-4.png 1440w\" sizes=\"(max-width: 225px) 100vw, 225px\" \/><\/a><\/p>\n","protected":false},"excerpt":{"rendered":"<p>Em sua 69\u00aa edi\u00e7\u00e3o, o tradicional Congresso da Academia Americana de Neurologia (AAN Annual Meeting) aconteceu este ano em Boston, \u00a0com diversas palestras simult\u00e2neas, al\u00e9m das sess\u00f5es plen\u00e1rias, que reuniram especialistas de diversas partes do mundo. Al\u00e9m das discuss\u00f5es cient\u00edficas e an\u00e1lises de estudos, os participantes puderam levar casos reais para debates. O congresso abriu&#8230;<\/p>\n","protected":false},"author":6,"featured_media":778164,"comment_status":"open","ping_status":"open","sticky":false,"template":"","format":"standard","meta":{"_acf_changed":false,"_joinchat":[],"footnotes":""},"categories":[15,16],"tags":[],"acf":[],"_links":{"self":[{"href":"https:\/\/neurovirtual.com\/br\/wp-json\/wp\/v2\/posts\/778162"}],"collection":[{"href":"https:\/\/neurovirtual.com\/br\/wp-json\/wp\/v2\/posts"}],"about":[{"href":"https:\/\/neurovirtual.com\/br\/wp-json\/wp\/v2\/types\/post"}],"author":[{"embeddable":true,"href":"https:\/\/neurovirtual.com\/br\/wp-json\/wp\/v2\/users\/6"}],"replies":[{"embeddable":true,"href":"https:\/\/neurovirtual.com\/br\/wp-json\/wp\/v2\/comments?post=778162"}],"version-history":[{"count":5,"href":"https:\/\/neurovirtual.com\/br\/wp-json\/wp\/v2\/posts\/778162\/revisions"}],"predecessor-version":[{"id":778196,"href":"https:\/\/neurovirtual.com\/br\/wp-json\/wp\/v2\/posts\/778162\/revisions\/778196"}],"wp:featuredmedia":[{"embeddable":true,"href":"https:\/\/neurovirtual.com\/br\/wp-json\/wp\/v2\/media\/778164"}],"wp:attachment":[{"href":"https:\/\/neurovirtual.com\/br\/wp-json\/wp\/v2\/media?parent=778162"}],"wp:term":[{"taxonomy":"category","embeddable":true,"href":"https:\/\/neurovirtual.com\/br\/wp-json\/wp\/v2\/categories?post=778162"},{"taxonomy":"post_tag","embeddable":true,"href":"https:\/\/neurovirtual.com\/br\/wp-json\/wp\/v2\/tags?post=778162"}],"curies":[{"name":"wp","href":"https:\/\/api.w.org\/{rel}","templated":true}]}}