{"id":778090,"date":"2017-05-10T14:45:33","date_gmt":"2017-05-10T17:45:33","guid":{"rendered":"https:\/\/neurovirtual.com\/br\/?p=778090"},"modified":"2021-02-02T16:03:44","modified_gmt":"2021-02-02T18:03:44","slug":"pos-graduacao-latino-americana-em-medicina-do-sono-argentina","status":"publish","type":"post","link":"https:\/\/neurovirtual.com\/br\/pos-graduacao-latino-americana-em-medicina-do-sono-argentina\/","title":{"rendered":"P\u00f3s-gradua\u00e7\u00e3o Latino-americana em Medicina do Sono &#8211; Argentina"},"content":{"rendered":"\n<figure class=\"wp-block-image\"><a href=\"https:\/\/neurovirtual.com\/br\/wp-content\/uploads\/2017\/05\/capa-diplomatura.jpg\"><img decoding=\"async\" width=\"805\" height=\"219\" src=\"https:\/\/neurovirtual.com\/br\/wp-content\/uploads\/2017\/05\/capa-diplomatura.jpg\" alt=\"capa diplomatura\" class=\"wp-image-778099\" srcset=\"https:\/\/neurovirtual.com\/br\/wp-content\/uploads\/2017\/05\/capa-diplomatura.jpg 805w, https:\/\/neurovirtual.com\/br\/wp-content\/uploads\/2017\/05\/capa-diplomatura-300x82.jpg 300w, https:\/\/neurovirtual.com\/br\/wp-content\/uploads\/2017\/05\/capa-diplomatura-460x125.jpg 460w\" sizes=\"(max-width: 805px) 100vw, 805px\" \/><\/a><\/figure>\n\n\n\n<p>Sempre comprometida com a transmiss\u00e3o de conhecimento em medicina do sono a Neurovirtual foi convidada, pelo Hospital universit\u00e1rio Austral da Argentina, a participar da segunda p\u00f3s-gradua\u00e7\u00e3o em medicina do sono, desenvolvido pelo Dr. Daniel P\u00e9rez Chada, Dra. Valliensi e pelo Dr. Arturo Garay.<\/p>\n\n\n\n<figure class=\"wp-block-gallery columns-2 is-cropped wp-block-gallery-1 is-layout-flex wp-block-gallery-is-layout-flex\"><ul class=\"blocks-gallery-grid\"><li class=\"blocks-gallery-item\"><figure><a href=\"https:\/\/neurovirtual.com\/br\/wp-content\/uploads\/2021\/02\/curso-argentina_neurovirtual.png\"><img decoding=\"async\" width=\"1000\" height=\"818\" src=\"https:\/\/neurovirtual.com\/br\/wp-content\/uploads\/2021\/02\/curso-argentina_neurovirtual.png\" alt=\"\" data-id=\"811735\" data-full-url=\"https:\/\/neurovirtual.com\/br\/wp-content\/uploads\/2021\/02\/curso-argentina_neurovirtual.png\" data-link=\"https:\/\/neurovirtual.com\/br\/congressos\/pos-graduacao-latino-americana-em-medicina-do-sono-argentina\/attachment\/curso-argentina_neurovirtual\/\" class=\"wp-image-811735\" srcset=\"https:\/\/neurovirtual.com\/br\/wp-content\/uploads\/2021\/02\/curso-argentina_neurovirtual.png 1000w, https:\/\/neurovirtual.com\/br\/wp-content\/uploads\/2021\/02\/curso-argentina_neurovirtual-300x245.png 300w, https:\/\/neurovirtual.com\/br\/wp-content\/uploads\/2021\/02\/curso-argentina_neurovirtual-768x628.png 768w, https:\/\/neurovirtual.com\/br\/wp-content\/uploads\/2021\/02\/curso-argentina_neurovirtual-306x250.png 306w, https:\/\/neurovirtual.com\/br\/wp-content\/uploads\/2021\/02\/curso-argentina_neurovirtual-416x340.png 416w\" sizes=\"(max-width: 1000px) 100vw, 1000px\" \/><\/a><\/figure><\/li><li class=\"blocks-gallery-item\"><figure><a href=\"https:\/\/neurovirtual.com\/br\/wp-content\/uploads\/2021\/02\/foto-daniel-chada.png\"><img decoding=\"async\" width=\"1000\" height=\"750\" src=\"https:\/\/neurovirtual.com\/br\/wp-content\/uploads\/2021\/02\/foto-daniel-chada.png\" alt=\"\" data-id=\"811736\" data-full-url=\"https:\/\/neurovirtual.com\/br\/wp-content\/uploads\/2021\/02\/foto-daniel-chada.png\" data-link=\"https:\/\/neurovirtual.com\/br\/congressos\/pos-graduacao-latino-americana-em-medicina-do-sono-argentina\/attachment\/foto-daniel-chada\/\" class=\"wp-image-811736\" srcset=\"https:\/\/neurovirtual.com\/br\/wp-content\/uploads\/2021\/02\/foto-daniel-chada.png 1000w, https:\/\/neurovirtual.com\/br\/wp-content\/uploads\/2021\/02\/foto-daniel-chada-300x225.png 300w, https:\/\/neurovirtual.com\/br\/wp-content\/uploads\/2021\/02\/foto-daniel-chada-768x576.png 768w, https:\/\/neurovirtual.com\/br\/wp-content\/uploads\/2021\/02\/foto-daniel-chada-333x250.png 333w, https:\/\/neurovirtual.com\/br\/wp-content\/uploads\/2021\/02\/foto-daniel-chada-453x340.png 453w\" sizes=\"(max-width: 1000px) 100vw, 1000px\" \/><\/a><\/figure><\/li><\/ul><\/figure>\n\n\n\n<p>O curso iniciado no dia 22 de abril, seguiu as recomenda\u00e7\u00f5es da AASM (Academia Americana de Sono) para conex\u00e3o e protocolos de um exame de polissonografia.<\/p>\n\n\n\n<p>Os m\u00e9dicos de diversas especialidades, chegaram de diferentes cidades da Argentina, e tiveram a oportunidade de interagir com o melhor equipamento de diagn\u00f3stico dispon\u00edvel no<br>mercado, o Sleepvirtual <a href=\"https:\/\/neurovirtual.com\/br\/equipamento\/bw-iii-plus\/\">BWIII PSG Plus<\/a>, vivenciando uma experi\u00eancia completa de realiza\u00e7\u00e3o do exame de polissonografia.  Desse modo a Neurovirtual tem concebido seu trabalho, sempre atrelado ao desenvolvimento da medicina, pois estes espa\u00e7os permitem n\u00e3o s\u00f3 estar mais perto das necessidades dos m\u00e9dicos, mas sobretudo, apresentar sua tecnologia, confiabilidade e continuar a explorar o desenvolvimento de novas alternativas diagn\u00f3sticas, uma vez que a sua miss\u00e3o \u00e9 universalizar e humanizar o diagn\u00f3stico.<\/p>\n","protected":false},"excerpt":{"rendered":"<p>Sempre comprometida com a transmiss\u00e3o de conhecimento em medicina do sono a Neurovirtual foi convidada, pelo Hospital universit\u00e1rio Austral da Argentina, a participar da segunda p\u00f3s-gradua\u00e7\u00e3o em medicina do sono, desenvolvido pelo Dr. Daniel P\u00e9rez Chada, Dra. Valliensi e pelo Dr. Arturo Garay. O curso iniciado no dia 22 de abril, seguiu as recomenda\u00e7\u00f5es da&#8230;<\/p>\n","protected":false},"author":6,"featured_media":778091,"comment_status":"open","ping_status":"open","sticky":false,"template":"","format":"standard","meta":{"_acf_changed":false,"_joinchat":[],"footnotes":""},"categories":[16,15],"tags":[],"acf":[],"_links":{"self":[{"href":"https:\/\/neurovirtual.com\/br\/wp-json\/wp\/v2\/posts\/778090"}],"collection":[{"href":"https:\/\/neurovirtual.com\/br\/wp-json\/wp\/v2\/posts"}],"about":[{"href":"https:\/\/neurovirtual.com\/br\/wp-json\/wp\/v2\/types\/post"}],"author":[{"embeddable":true,"href":"https:\/\/neurovirtual.com\/br\/wp-json\/wp\/v2\/users\/6"}],"replies":[{"embeddable":true,"href":"https:\/\/neurovirtual.com\/br\/wp-json\/wp\/v2\/comments?post=778090"}],"version-history":[{"count":13,"href":"https:\/\/neurovirtual.com\/br\/wp-json\/wp\/v2\/posts\/778090\/revisions"}],"predecessor-version":[{"id":811738,"href":"https:\/\/neurovirtual.com\/br\/wp-json\/wp\/v2\/posts\/778090\/revisions\/811738"}],"wp:featuredmedia":[{"embeddable":true,"href":"https:\/\/neurovirtual.com\/br\/wp-json\/wp\/v2\/media\/778091"}],"wp:attachment":[{"href":"https:\/\/neurovirtual.com\/br\/wp-json\/wp\/v2\/media?parent=778090"}],"wp:term":[{"taxonomy":"category","embeddable":true,"href":"https:\/\/neurovirtual.com\/br\/wp-json\/wp\/v2\/categories?post=778090"},{"taxonomy":"post_tag","embeddable":true,"href":"https:\/\/neurovirtual.com\/br\/wp-json\/wp\/v2\/tags?post=778090"}],"curies":[{"name":"wp","href":"https:\/\/api.w.org\/{rel}","templated":true}]}}