{"id":777373,"date":"2016-11-19T16:57:14","date_gmt":"2016-11-19T18:57:14","guid":{"rendered":"https:\/\/neurovirtual.com\/br\/?p=777373"},"modified":"2017-05-22T14:54:29","modified_gmt":"2017-05-22T17:54:29","slug":"xvi-congresso-latino-americano-de-sono-e-xii-congresso-colombiano-de-medicina-do-sono","status":"publish","type":"post","link":"https:\/\/neurovirtual.com\/br\/xvi-congresso-latino-americano-de-sono-e-xii-congresso-colombiano-de-medicina-do-sono\/","title":{"rendered":"XVI Congresso Latino-Americano de Sono e XII Congresso Colombiano de Medicina do Sono"},"content":{"rendered":"<p><a href=\"http:\/\/neurovirtual.com\/wp-content\/uploads\/2016\/12\/BANNER-SUENO.jpg\"><img decoding=\"async\" class=\"alignnone size-full wp-image-783795\" src=\"http:\/\/neurovirtual.com\/wp-content\/uploads\/2016\/12\/BANNER-SUENO.jpg\" alt=\"banner-sueno\" width=\"805\" height=\"219\" \/><\/a><\/p>\n<p>No dia 16 de novembro a Neurovirtual participou do XVI Congresso Latino-Americano de Sono e XII Congresso Colombiano de Medicina do Sono, realizado na cidade de Medell\u00edn (Antioquia) no hotel Intercontinental, onde estiveram presentes 359 especialistas.<br \/>\nA Neurovirtual acompanhou o Dr. Eduardo Medina do Uruguai em seu workshop sobre polissonografia durante o pr\u00e9-congresso, que uniu o conhecimento te\u00f3rico \u00e0 demonstra\u00e7\u00e3o pr\u00e1tica para que, al\u00e9m de did\u00e1tico, o workshop fosse de grande impacto e agrad\u00e1vel, para os 107 congressistas presentes.<\/p>\n<p><img decoding=\"async\" class=\"size-medium wp-image-777375 aligncenter\" src=\"https:\/\/neurovirtual.com\/br\/wp-content\/uploads\/2016\/12\/1-flass-300x225.jpg\" alt=\"1-flass\" width=\"300\" height=\"225\" srcset=\"https:\/\/neurovirtual.com\/br\/wp-content\/uploads\/2016\/12\/1-flass-300x225.jpg 300w, https:\/\/neurovirtual.com\/br\/wp-content\/uploads\/2016\/12\/1-flass-1024x768.jpg 1024w, https:\/\/neurovirtual.com\/br\/wp-content\/uploads\/2016\/12\/1-flass-333x250.jpg 333w, https:\/\/neurovirtual.com\/br\/wp-content\/uploads\/2016\/12\/1-flass-453x340.jpg 453w, https:\/\/neurovirtual.com\/br\/wp-content\/uploads\/2016\/12\/1-flass.jpg 1920w\" sizes=\"(max-width: 300px) 100vw, 300px\" \/>No congresso compare\u00e7am parceiros da Neurovirtual de diversos pa\u00edses entre eles, clientes do Peru, Argentina, Panam\u00e1, Porto Rico, M\u00e9xico e Col\u00f4mbia, sinal de que estamos avan\u00e7ando em nosso objetivo de humanizar o diagn\u00f3stico ao redor do mundo, fato que nos deixa orgulhosos. Agradecemos a todos os m\u00e9dicos, especialista e t\u00e9cnicos presentes que visitaram nosso stand e compartilharam como nossa equipe seus novos projetos e a experi\u00eancia t\u00e3o positiva com nossa marca e empresa.<\/p>\n<p>Nesse congresso, al\u00e9m de apoiar a organiza\u00e7\u00e3o do evento, a Neurovirtual tamb\u00e9m auxiliou o Dr. Facundo Nogueira que realizou uma confer\u00eancia sobre polissonografia domiciliar, na qual ele utilizou o nosso equipamento, BW Mini, durante a apresenta\u00e7\u00e3o.<a href=\"http:\/\/neurovirtual.com\/wp-content\/uploads\/2016\/12\/3-flass-3.png\"><img decoding=\"async\" class=\"alignnone size-medium wp-image-783796 aligncenter\" src=\"http:\/\/neurovirtual.com\/wp-content\/uploads\/2016\/12\/3-flass-3-256x300.png\" alt=\"3-flass-3\" width=\"256\" height=\"300\" \/><\/a><\/p>\n<p><a href=\"http:\/\/neurovirtual.com\/wp-content\/uploads\/2016\/12\/4-flass.jpg\"><img decoding=\"async\" class=\"alignnone size-medium wp-image-783797 aligncenter\" src=\"http:\/\/neurovirtual.com\/wp-content\/uploads\/2016\/12\/4-flass-256x300.jpg\" alt=\"4-flass\" width=\"256\" height=\"300\" \/><\/a><\/p>\n","protected":false},"excerpt":{"rendered":"<p>No dia 16 de novembro a Neurovirtual participou do XVI Congresso Latino-Americano de Sono e XII Congresso Colombiano de Medicina do Sono, realizado na cidade de Medell\u00edn (Antioquia) no hotel Intercontinental, onde estiveram presentes 359 especialistas. A Neurovirtual acompanhou o Dr. Eduardo Medina do Uruguai em seu workshop sobre polissonografia durante o pr\u00e9-congresso, que uniu&#8230;<\/p>\n","protected":false},"author":6,"featured_media":777376,"comment_status":"open","ping_status":"open","sticky":false,"template":"","format":"standard","meta":{"_acf_changed":false,"_joinchat":[],"footnotes":""},"categories":[15,1],"tags":[],"acf":[],"_links":{"self":[{"href":"https:\/\/neurovirtual.com\/br\/wp-json\/wp\/v2\/posts\/777373"}],"collection":[{"href":"https:\/\/neurovirtual.com\/br\/wp-json\/wp\/v2\/posts"}],"about":[{"href":"https:\/\/neurovirtual.com\/br\/wp-json\/wp\/v2\/types\/post"}],"author":[{"embeddable":true,"href":"https:\/\/neurovirtual.com\/br\/wp-json\/wp\/v2\/users\/6"}],"replies":[{"embeddable":true,"href":"https:\/\/neurovirtual.com\/br\/wp-json\/wp\/v2\/comments?post=777373"}],"version-history":[{"count":7,"href":"https:\/\/neurovirtual.com\/br\/wp-json\/wp\/v2\/posts\/777373\/revisions"}],"predecessor-version":[{"id":777387,"href":"https:\/\/neurovirtual.com\/br\/wp-json\/wp\/v2\/posts\/777373\/revisions\/777387"}],"wp:featuredmedia":[{"embeddable":true,"href":"https:\/\/neurovirtual.com\/br\/wp-json\/wp\/v2\/media\/777376"}],"wp:attachment":[{"href":"https:\/\/neurovirtual.com\/br\/wp-json\/wp\/v2\/media?parent=777373"}],"wp:term":[{"taxonomy":"category","embeddable":true,"href":"https:\/\/neurovirtual.com\/br\/wp-json\/wp\/v2\/categories?post=777373"},{"taxonomy":"post_tag","embeddable":true,"href":"https:\/\/neurovirtual.com\/br\/wp-json\/wp\/v2\/tags?post=777373"}],"curies":[{"name":"wp","href":"https:\/\/api.w.org\/{rel}","templated":true}]}}