{"id":773982,"date":"2016-05-20T12:33:19","date_gmt":"2016-05-20T15:33:19","guid":{"rendered":"https:\/\/neurovirtual.com\/br\/?p=773982"},"modified":"2016-07-26T12:45:08","modified_gmt":"2016-07-26T15:45:08","slug":"neurovirtual-na-hospitalar-maior-feira-de-negocios-de-saude-da-america-latina","status":"publish","type":"post","link":"https:\/\/neurovirtual.com\/br\/neurovirtual-na-hospitalar-maior-feira-de-negocios-de-saude-da-america-latina\/","title":{"rendered":"Neurovirtual na Hospitalar, maior feira de neg\u00f3cios de sa\u00fade da Am\u00e9rica Latina"},"content":{"rendered":"<p>Entre os dias 17 e 20 de maio, foi realizada a 23\u00aa Feira Hospitalar, a feira mais importante do setor m\u00e9dico-hospitalar. O evento anual, voltado para a apresenta\u00e7\u00e3o de produtos e o desenvolvimento de neg\u00f3cios na \u00e1rea, contou com 1.250 expositores e a presen\u00e7a de 96 mil profissionais. A Hospitalar teve a participa\u00e7\u00e3o de mais de 50 pa\u00edses convidados, de todos os continentes.<\/p>\n<p>A Neurovirtual participou apresentando todos os seus equipamentos e acess\u00f3rios, com destaque para os amplificadores BWIII PSG, BWIII EEG\/PSG Plus e o port\u00e1til BWMini HST\/PSG, e distribuindo a \u00faltima edi\u00e7\u00e3o de sua revista, <em>Neurovirtual news.<\/em><\/p>\n<p>Al\u00e9m das exposi\u00e7\u00f5es, o evento promoveu diversos congressos, f\u00f3runs e semin\u00e1rios com representantes de entidades hospitalares e de sa\u00fade, como a Ag\u00eancia Nacional de Vigil\u00e2ncia Sanit\u00e1ria (Anvisa), a Associa\u00e7\u00e3o Brasileira da Ind\u00fastria de Alta Tecnologia de Produtos para Sa\u00fade (Abimed) e a Associa\u00e7\u00e3o Nacional de Hospitais Privados (Anahp) \u2013 entre outras.<\/p>\n<p>Durante o evento, ocorreu o Congresso Internacional de Servi\u00e7os de Sa\u00fade (CISS), que debateu os rumos dos sistemas de sa\u00fade e como interconectar a Economia ao setor m\u00e9dico-hospitalar. O congresso teve a participa\u00e7\u00e3o de especialistas da Fran\u00e7a, Espanha e dos Estados Unidos, al\u00e9m de presidentes e representantes dos conselhos de \u00f3rg\u00e3os como a Anahp, a Confedera\u00e7\u00e3o Nacional de Sa\u00fade (CNS) e a Associa\u00e7\u00e3o Brasileira da Ind\u00fastria de Artigos e Equipamentos M\u00e9dicos e Odontol\u00f3gicos (Abimo).<\/p>\n<p>O p\u00fablico da feira foi composto por profissionais de diversas \u00e1reas da Sa\u00fade: m\u00e9dicos, enfermeiros, diretores e administradores de hospitais, cl\u00ednicas e laborat\u00f3rios, fabricantes de produtos hospitalares, distribuidores e representantes, estudantes, secretarias de sa\u00fade e organismos p\u00fablicos e privados que atuam na \u00e1rea.<\/p>\n<p>A pr\u00f3xima Feira Hospitalar j\u00e1 tem data e local: de 16 a 19 de maio de 2017, no Expo Center Norte, em S\u00e3o Paulo, onde foi realizada a edi\u00e7\u00e3o deste ano.<\/p>\n<p>&nbsp;<\/p>\n<p><a href=\"https:\/\/neurovirtual.com\/br\/wp-content\/uploads\/2016\/05\/1.jpg\"><img decoding=\"async\" class=\"alignnone size-medium wp-image-774038 aligncenter\" src=\"https:\/\/neurovirtual.com\/br\/wp-content\/uploads\/2016\/05\/1-300x197.jpg\" alt=\"1\" width=\"300\" height=\"197\" srcset=\"https:\/\/neurovirtual.com\/br\/wp-content\/uploads\/2016\/05\/1-300x197.jpg 300w, https:\/\/neurovirtual.com\/br\/wp-content\/uploads\/2016\/05\/1-1024x674.jpg 1024w, https:\/\/neurovirtual.com\/br\/wp-content\/uploads\/2016\/05\/1-380x250.jpg 380w, https:\/\/neurovirtual.com\/br\/wp-content\/uploads\/2016\/05\/1-460x303.jpg 460w, https:\/\/neurovirtual.com\/br\/wp-content\/uploads\/2016\/05\/1.jpg 1920w\" sizes=\"(max-width: 300px) 100vw, 300px\" \/><\/a><\/p>\n<p style=\"text-align: center;\"><img decoding=\"async\" class=\"alignnone size-medium wp-image-774037\" src=\"https:\/\/neurovirtual.com\/br\/wp-content\/uploads\/2016\/05\/4-300x202.jpg\" alt=\"4\" width=\"300\" height=\"202\" srcset=\"https:\/\/neurovirtual.com\/br\/wp-content\/uploads\/2016\/05\/4-300x202.jpg 300w, https:\/\/neurovirtual.com\/br\/wp-content\/uploads\/2016\/05\/4-1024x688.jpg 1024w, https:\/\/neurovirtual.com\/br\/wp-content\/uploads\/2016\/05\/4-372x250.jpg 372w, https:\/\/neurovirtual.com\/br\/wp-content\/uploads\/2016\/05\/4-460x309.jpg 460w, https:\/\/neurovirtual.com\/br\/wp-content\/uploads\/2016\/05\/4.jpg 1920w\" sizes=\"(max-width: 300px) 100vw, 300px\" \/><\/p>\n<p style=\"text-align: center;\"><a href=\"https:\/\/neurovirtual.com\/br\/wp-content\/uploads\/2016\/05\/2.jpg\"><img decoding=\"async\" class=\"alignnone size-medium wp-image-774039\" src=\"https:\/\/neurovirtual.com\/br\/wp-content\/uploads\/2016\/05\/2-300x169.jpg\" alt=\"2\" width=\"300\" height=\"169\" srcset=\"https:\/\/neurovirtual.com\/br\/wp-content\/uploads\/2016\/05\/2-300x169.jpg 300w, https:\/\/neurovirtual.com\/br\/wp-content\/uploads\/2016\/05\/2-1024x576.jpg 1024w, https:\/\/neurovirtual.com\/br\/wp-content\/uploads\/2016\/05\/2-444x250.jpg 444w, https:\/\/neurovirtual.com\/br\/wp-content\/uploads\/2016\/05\/2-460x259.jpg 460w, https:\/\/neurovirtual.com\/br\/wp-content\/uploads\/2016\/05\/2.jpg 1280w\" sizes=\"(max-width: 300px) 100vw, 300px\" \/><\/a><\/p>\n<p><a href=\"https:\/\/neurovirtual.com\/br\/wp-content\/uploads\/2016\/05\/3.jpg\"><img decoding=\"async\" class=\"alignnone size-medium wp-image-774040 aligncenter\" src=\"https:\/\/neurovirtual.com\/br\/wp-content\/uploads\/2016\/05\/3-300x208.jpg\" alt=\"3\" width=\"300\" height=\"208\" srcset=\"https:\/\/neurovirtual.com\/br\/wp-content\/uploads\/2016\/05\/3-300x208.jpg 300w, https:\/\/neurovirtual.com\/br\/wp-content\/uploads\/2016\/05\/3-1024x710.jpg 1024w, https:\/\/neurovirtual.com\/br\/wp-content\/uploads\/2016\/05\/3-360x250.jpg 360w, https:\/\/neurovirtual.com\/br\/wp-content\/uploads\/2016\/05\/3-460x319.jpg 460w, https:\/\/neurovirtual.com\/br\/wp-content\/uploads\/2016\/05\/3.jpg 1038w\" sizes=\"(max-width: 300px) 100vw, 300px\" \/><\/a><\/p>\n","protected":false},"excerpt":{"rendered":"<p>Entre os dias 17 e 20 de maio, foi realizada a 23\u00aa Feira Hospitalar, a feira mais importante do setor m\u00e9dico-hospitalar. O evento anual, voltado para a apresenta\u00e7\u00e3o de produtos e o desenvolvimento de neg\u00f3cios na \u00e1rea, contou com 1.250 expositores e a presen\u00e7a de 96 mil profissionais. A Hospitalar teve a participa\u00e7\u00e3o de mais&#8230;<\/p>\n","protected":false},"author":6,"featured_media":774036,"comment_status":"open","ping_status":"open","sticky":false,"template":"","format":"standard","meta":{"_acf_changed":false,"_joinchat":[],"footnotes":""},"categories":[15],"tags":[],"acf":[],"_links":{"self":[{"href":"https:\/\/neurovirtual.com\/br\/wp-json\/wp\/v2\/posts\/773982"}],"collection":[{"href":"https:\/\/neurovirtual.com\/br\/wp-json\/wp\/v2\/posts"}],"about":[{"href":"https:\/\/neurovirtual.com\/br\/wp-json\/wp\/v2\/types\/post"}],"author":[{"embeddable":true,"href":"https:\/\/neurovirtual.com\/br\/wp-json\/wp\/v2\/users\/6"}],"replies":[{"embeddable":true,"href":"https:\/\/neurovirtual.com\/br\/wp-json\/wp\/v2\/comments?post=773982"}],"version-history":[{"count":3,"href":"https:\/\/neurovirtual.com\/br\/wp-json\/wp\/v2\/posts\/773982\/revisions"}],"predecessor-version":[{"id":774042,"href":"https:\/\/neurovirtual.com\/br\/wp-json\/wp\/v2\/posts\/773982\/revisions\/774042"}],"wp:featuredmedia":[{"embeddable":true,"href":"https:\/\/neurovirtual.com\/br\/wp-json\/wp\/v2\/media\/774036"}],"wp:attachment":[{"href":"https:\/\/neurovirtual.com\/br\/wp-json\/wp\/v2\/media?parent=773982"}],"wp:term":[{"taxonomy":"category","embeddable":true,"href":"https:\/\/neurovirtual.com\/br\/wp-json\/wp\/v2\/categories?post=773982"},{"taxonomy":"post_tag","embeddable":true,"href":"https:\/\/neurovirtual.com\/br\/wp-json\/wp\/v2\/tags?post=773982"}],"curies":[{"name":"wp","href":"https:\/\/api.w.org\/{rel}","templated":true}]}}