{"id":772414,"date":"2016-06-08T11:41:35","date_gmt":"2016-06-08T14:41:35","guid":{"rendered":"https:\/\/neurovirtual.com\/br\/?p=772414"},"modified":"2016-07-21T15:42:02","modified_gmt":"2016-07-21T18:42:02","slug":"congresso-paulista-de-medicina-do-sono-destaca-o-crescimento-da-especialidade-no-brasil","status":"publish","type":"post","link":"https:\/\/neurovirtual.com\/br\/congresso-paulista-de-medicina-do-sono-destaca-o-crescimento-da-especialidade-no-brasil\/","title":{"rendered":"Congresso Paulista de Medicina do Sono destaca o crescimento da especialidade no Brasil"},"content":{"rendered":"<p><a href=\"https:\/\/neurovirtual.com\/br\/wp-content\/uploads\/2016\/06\/1.BANNER-congresso-paulista-do-sono.jpg\"><img decoding=\"async\" class=\"wp-image-772447 size-full aligncenter\" src=\"https:\/\/neurovirtual.com\/br\/wp-content\/uploads\/2016\/06\/1.BANNER-congresso-paulista-do-sono.jpg\" alt=\"1.BANNER congresso paulista do sono\" width=\"805\" height=\"219\" srcset=\"https:\/\/neurovirtual.com\/br\/wp-content\/uploads\/2016\/06\/1.BANNER-congresso-paulista-do-sono.jpg 805w, https:\/\/neurovirtual.com\/br\/wp-content\/uploads\/2016\/06\/1.BANNER-congresso-paulista-do-sono-300x82.jpg 300w, https:\/\/neurovirtual.com\/br\/wp-content\/uploads\/2016\/06\/1.BANNER-congresso-paulista-do-sono-460x125.jpg 460w\" sizes=\"(max-width: 805px) 100vw, 805px\" \/><\/a><\/p>\n<p>Nos dias\u00a013 e 14 de maio, foi realizado o XIV Congresso Paulista de Medicina do Sono, com organiza\u00e7\u00e3o da Associa\u00e7\u00e3o Paulista de Medicina (APM) e apoio da Associa\u00e7\u00e3o Brasileira do Sono. Na palestra de abertura, a Dra. Rosana Cardoso Alves, presidente do congresso, discursou a respeito da consolida\u00e7\u00e3o da Medicina do Sono no Brasil.<\/p>\n<p><img decoding=\"async\" class=\"size-medium wp-image-772453 alignleft\" src=\"https:\/\/neurovirtual.com\/br\/wp-content\/uploads\/2016\/06\/4-200x300.jpg\" alt=\"4\" width=\"200\" height=\"300\" srcset=\"https:\/\/neurovirtual.com\/br\/wp-content\/uploads\/2016\/06\/4-200x300.jpg 200w, https:\/\/neurovirtual.com\/br\/wp-content\/uploads\/2016\/06\/4-681x1024.jpg 681w, https:\/\/neurovirtual.com\/br\/wp-content\/uploads\/2016\/06\/4-166x250.jpg 166w, https:\/\/neurovirtual.com\/br\/wp-content\/uploads\/2016\/06\/4-226x340.jpg 226w, https:\/\/neurovirtual.com\/br\/wp-content\/uploads\/2016\/06\/4.jpg 720w\" sizes=\"(max-width: 200px) 100vw, 200px\" \/>O congresso, que teve como local a sede da APM, contou com boa participa\u00e7\u00e3o de congressistas, tendo palestras que atingiram a lota\u00e7\u00e3o do Audit\u00f3rio Nobre da associa\u00e7\u00e3o, com capacidade para 160 pessoas. Ao todo, 29 especialistas brasileiros se apresentaram durante os dois dias de programa\u00e7\u00e3o.<br \/>\nA <a href=\"https:\/\/neurovirtual.com\/br\/segmentos\/medicina-do-sono\/\">Sleepvirtual <\/a>foi um dos onze expositores que participaram do encontro. Em seu estande, congressistas que visitaram a \u00e1rea de exibi\u00e7\u00e3o foram apresentados aos equipamentos <a href=\"https:\/\/neurovirtual.com\/br\/equipamento\/bw-ii-psg\/\">BWII PSG<\/a> e <a href=\"https:\/\/neurovirtual.com\/br\/equipamento\/bw-iii-plus\/\">BWIII Plus<\/a>, al\u00e9m de terem a oportunidade de conhecer o software BWAnalysis.<\/p>\n<p>Oito mesas tem\u00e1ticas formaram a maior parte da programa\u00e7\u00e3o. Foram elas: Diagn\u00f3stico, Tratamento, Dist\u00farbios do Sono na Inf\u00e2ncia, Dist\u00farbios do Movimento, Ins\u00f4nia, Sono e Transtornos Circadianos e Narcolepsia. Al\u00e9m delas, houve ciclos de confer\u00eancia sobre assuntos variados.<\/p>\n<p>O principal objetivo da programa\u00e7\u00e3o cient\u00edfica foi contemplar m\u00e9dicos de diversas \u00e1reas, como Cl\u00ednica Geral, Neurologia, Otorrinolaringologia, Pediatria e Psiquiatria, dando destaque \u00e0s novas terap\u00eauticas dos dist\u00farbios do sono.<\/p>\n<p>Durante o evento, foi anunciada a parceria da APM com a Ology, uma rede social voltada apenas para m\u00e9dicos. Com isso, a associa\u00e7\u00e3o poder\u00e1 divulgar por meio da plataforma seus servi\u00e7os e produtos, tais como congressos, semin\u00e1rios, cursos, publica\u00e7\u00f5es e campanhas. No segundo e \u00faltimo dia do encontro, os participantes puderam concorrer a um iPad Mini, dado pela Ology.<\/p>\n<p><a href=\"https:\/\/neurovirtual.com\/br\/wp-content\/uploads\/2016\/06\/CongressoPaulistadoSono4.jpg\"><img decoding=\"async\" class=\"alignnone size-medium wp-image-772449 aligncenter\" src=\"https:\/\/neurovirtual.com\/br\/wp-content\/uploads\/2016\/06\/CongressoPaulistadoSono4-300x200.jpg\" alt=\"CongressoPaulistadoSono4\" width=\"300\" height=\"200\" srcset=\"https:\/\/neurovirtual.com\/br\/wp-content\/uploads\/2016\/06\/CongressoPaulistadoSono4-300x200.jpg 300w, https:\/\/neurovirtual.com\/br\/wp-content\/uploads\/2016\/06\/CongressoPaulistadoSono4-1024x683.jpg 1024w, https:\/\/neurovirtual.com\/br\/wp-content\/uploads\/2016\/06\/CongressoPaulistadoSono4-375x250.jpg 375w, https:\/\/neurovirtual.com\/br\/wp-content\/uploads\/2016\/06\/CongressoPaulistadoSono4-460x307.jpg 460w, https:\/\/neurovirtual.com\/br\/wp-content\/uploads\/2016\/06\/CongressoPaulistadoSono4.jpg 2048w\" sizes=\"(max-width: 300px) 100vw, 300px\" \/><\/a><a href=\"https:\/\/neurovirtual.com\/br\/wp-content\/uploads\/2016\/06\/1.jpg\"><br \/>\n<img decoding=\"async\" class=\"alignnone size-medium wp-image-772450 aligncenter\" src=\"https:\/\/neurovirtual.com\/br\/wp-content\/uploads\/2016\/06\/1-300x276.jpg\" alt=\"1\" width=\"300\" height=\"276\" srcset=\"https:\/\/neurovirtual.com\/br\/wp-content\/uploads\/2016\/06\/1-300x276.jpg 300w, https:\/\/neurovirtual.com\/br\/wp-content\/uploads\/2016\/06\/1-272x250.jpg 272w, https:\/\/neurovirtual.com\/br\/wp-content\/uploads\/2016\/06\/1-370x340.jpg 370w, https:\/\/neurovirtual.com\/br\/wp-content\/uploads\/2016\/06\/1.jpg 784w\" sizes=\"(max-width: 300px) 100vw, 300px\" \/><\/a><\/p>\n<p><a href=\"https:\/\/neurovirtual.com\/br\/wp-content\/uploads\/2016\/06\/3.jpg\"><img decoding=\"async\" class=\"size-medium wp-image-772452 aligncenter\" src=\"https:\/\/neurovirtual.com\/br\/wp-content\/uploads\/2016\/06\/3-300x197.jpg\" alt=\"3\" width=\"300\" height=\"197\" srcset=\"https:\/\/neurovirtual.com\/br\/wp-content\/uploads\/2016\/06\/3-300x197.jpg 300w, https:\/\/neurovirtual.com\/br\/wp-content\/uploads\/2016\/06\/3-1024x674.jpg 1024w, https:\/\/neurovirtual.com\/br\/wp-content\/uploads\/2016\/06\/3-380x250.jpg 380w, https:\/\/neurovirtual.com\/br\/wp-content\/uploads\/2016\/06\/3-460x303.jpg 460w, https:\/\/neurovirtual.com\/br\/wp-content\/uploads\/2016\/06\/3.jpg 1094w\" sizes=\"(max-width: 300px) 100vw, 300px\" \/><\/a><\/p>\n<p>&nbsp;<\/p>\n<p>&nbsp;<\/p>\n<p>&nbsp;<\/p>\n","protected":false},"excerpt":{"rendered":"<p>Nos dias\u00a013 e 14 de maio, foi realizado o XIV Congresso Paulista de Medicina do Sono, com organiza\u00e7\u00e3o da Associa\u00e7\u00e3o Paulista de Medicina (APM) e apoio da Associa\u00e7\u00e3o Brasileira do Sono. Na palestra de abertura, a Dra. Rosana Cardoso Alves, presidente do congresso, discursou a respeito da consolida\u00e7\u00e3o da Medicina do Sono no Brasil. O&#8230;<\/p>\n","protected":false},"author":6,"featured_media":772455,"comment_status":"open","ping_status":"open","sticky":false,"template":"","format":"standard","meta":{"_acf_changed":false,"_joinchat":[],"footnotes":""},"categories":[15],"tags":[],"acf":[],"_links":{"self":[{"href":"https:\/\/neurovirtual.com\/br\/wp-json\/wp\/v2\/posts\/772414"}],"collection":[{"href":"https:\/\/neurovirtual.com\/br\/wp-json\/wp\/v2\/posts"}],"about":[{"href":"https:\/\/neurovirtual.com\/br\/wp-json\/wp\/v2\/types\/post"}],"author":[{"embeddable":true,"href":"https:\/\/neurovirtual.com\/br\/wp-json\/wp\/v2\/users\/6"}],"replies":[{"embeddable":true,"href":"https:\/\/neurovirtual.com\/br\/wp-json\/wp\/v2\/comments?post=772414"}],"version-history":[{"count":8,"href":"https:\/\/neurovirtual.com\/br\/wp-json\/wp\/v2\/posts\/772414\/revisions"}],"predecessor-version":[{"id":773987,"href":"https:\/\/neurovirtual.com\/br\/wp-json\/wp\/v2\/posts\/772414\/revisions\/773987"}],"wp:featuredmedia":[{"embeddable":true,"href":"https:\/\/neurovirtual.com\/br\/wp-json\/wp\/v2\/media\/772455"}],"wp:attachment":[{"href":"https:\/\/neurovirtual.com\/br\/wp-json\/wp\/v2\/media?parent=772414"}],"wp:term":[{"taxonomy":"category","embeddable":true,"href":"https:\/\/neurovirtual.com\/br\/wp-json\/wp\/v2\/categories?post=772414"},{"taxonomy":"post_tag","embeddable":true,"href":"https:\/\/neurovirtual.com\/br\/wp-json\/wp\/v2\/tags?post=772414"}],"curies":[{"name":"wp","href":"https:\/\/api.w.org\/{rel}","templated":true}]}}