{"id":573,"date":"2014-08-07T10:13:01","date_gmt":"2014-08-07T13:13:01","guid":{"rendered":"https:\/\/neurovirtual.com\/br\/?p=573"},"modified":"2024-03-07T12:27:02","modified_gmt":"2024-03-07T15:27:02","slug":"ronco-e-sonolencia-durante-o-dia-podem-ser-sinal-de-doenca-mais-grave","status":"publish","type":"post","link":"https:\/\/neurovirtual.com\/br\/ronco-e-sonolencia-durante-o-dia-podem-ser-sinal-de-doenca-mais-grave\/","title":{"rendered":"Ronco e sonol\u00eancia durante o dia podem ser sinal de doen\u00e7a mais grave"},"content":{"rendered":"<p>Se voc\u00ea ronca \u00e0 noite e passa o dia sonolento, irritado e com aquela sensa\u00e7\u00e3o de que n\u00e3o descansou o suficiente \u00e9 bom buscar um servi\u00e7o de sa\u00fade e investigar. Estas s\u00e3o as principais queixas de quem sofre de apneia obstrutiva do sono, doen\u00e7a que se n\u00e3o for tratada pode levar a problemas cardiovasculares como infarto e acidente vascular cerebral e at\u00e9 ao \u00f3bito.<\/p>\n<p>A pneumologista Roberta Barcellos Couto explica que a doen\u00e7a se caracteriza por pausas repetidas da respira\u00e7\u00e3o durante o sono, devido \u00e0 obstru\u00e7\u00e3o parcial ou completa da via a\u00e9rea, na regi\u00e3o garganta.<\/p>\n<p>\u201cIsso ocorre devido ao relaxamento da musculatura, problema comum em pessoas obesas, quando h\u00e1 ac\u00famulo de gordura na regi\u00e3o da garganta, assim como a flacidez provocada pela idade, ou estreitamento do espa\u00e7o por outras doen\u00e7as que diminuem o calibre da via a\u00e9rea como queixo pequeno, aden\u00f3ide, am\u00edgdala grande, problemas mais comuns em crian\u00e7as e adolescentes\u201d, destaca a m\u00e9dica.<\/p>\n<p>As paradas respirat\u00f3rias fazem com que a pessoa acorde a todo o momento, gerando um sono fragmentado e, por isso, de baixa qualidade, fazendo com que ela se sinta cansada durante o dia todo. A apneia grave \u00e9 um fator de risco para diversas doen\u00e7as cardiovasculares.<\/p>\n<p>Roberta explica que com a queda de oxig\u00eanio no sangue causada pela s\u00edndrome, o cora\u00e7\u00e3o acaba trabalhando mais durante o sono, aumentando a press\u00e3o sangu\u00ednea. A longo prazo, isso pode acarretar press\u00e3o alta, infarto, arritmia, Acidente Vascular Cerebral (AVC) e at\u00e9 diabetes, enumera a coordenadora.<\/p>\n<p><strong>Diagn\u00f3stico<\/strong><\/p>\n<p>Segundo a m\u00e9dica, o diagn\u00f3stico \u00e9 feito mediante avalia\u00e7\u00e3o cl\u00ednica e exame de polissonografia. Para ter acesso ao tratamento, o paciente deve ser encaminhado pelo m\u00e9dico de unidade b\u00e1sica de sa\u00fade ou de consult\u00f3rio particular com a indica\u00e7\u00e3o de uso de CPAP e apresentar laudo do exame de polissonografia.<\/p>\n<p>\u201cSe o exame detectar mais de 30 paradas de respira\u00e7\u00e3o por hora de sono, ou seja, uma parada a cada dois minutos, fica caracterizada a apneia obstrutiva grave e o tratamento de escolha \u00e9 o aparelho CPAP (Press\u00e3o Positiva Cont\u00ednua na Via A\u00e9rea). Na maioria das vezes, o tratamento \u00e9 para a vida toda, mas h\u00e1 casos de pessoas mais jovens e obesas, que ao perderem peso, tiveram o problema controlado e foram liberadas\u201d, observa.<\/p>\n<p>O equipamento eletr\u00f4nico CPAP emite sopro de ar sobre press\u00e3o, que entra por meio de uma m\u00e1scara acoplada ao nariz e impede o fechamento da garganta&#8221;<\/p>\n<p>&#8220;Fonte: <a title=\"Tribuna\" href=\"http:\/\/www.tribunahoje.com\/\" target=\"_blank\" rel=\"noopener\">www.tribunahoje.com<\/a>&#8221;<\/p>\n<p><a style=\"background: #ffffff; font: 11px\/normal Arial; margin: 0px; padding: 0px; outline: 0px; border: 0px currentColor; color: #000000; text-transform: none; text-indent: 0px; letter-spacing: -0.21px; text-decoration: none; word-spacing: 0px; vertical-align: baseline; white-space: normal; -webkit-text-stroke-width: 0px;\" name=\"#mais-109481\"><\/a><\/p>\n","protected":false},"excerpt":{"rendered":"<p>Se voc\u00ea ronca \u00e0 noite e passa o dia sonolento, irritado e com aquela sensa\u00e7\u00e3o de que n\u00e3o descansou o suficiente \u00e9 bom buscar um servi\u00e7o de sa\u00fade e investigar. Estas s\u00e3o as principais queixas de quem sofre de apneia obstrutiva do sono, doen\u00e7a que se n\u00e3o for tratada pode levar a problemas cardiovasculares como&#8230;<\/p>\n","protected":false},"author":6,"featured_media":816034,"comment_status":"open","ping_status":"open","sticky":false,"template":"","format":"standard","meta":{"_acf_changed":false,"_joinchat":[],"footnotes":""},"categories":[16],"tags":[],"acf":[],"_links":{"self":[{"href":"https:\/\/neurovirtual.com\/br\/wp-json\/wp\/v2\/posts\/573"}],"collection":[{"href":"https:\/\/neurovirtual.com\/br\/wp-json\/wp\/v2\/posts"}],"about":[{"href":"https:\/\/neurovirtual.com\/br\/wp-json\/wp\/v2\/types\/post"}],"author":[{"embeddable":true,"href":"https:\/\/neurovirtual.com\/br\/wp-json\/wp\/v2\/users\/6"}],"replies":[{"embeddable":true,"href":"https:\/\/neurovirtual.com\/br\/wp-json\/wp\/v2\/comments?post=573"}],"version-history":[{"count":13,"href":"https:\/\/neurovirtual.com\/br\/wp-json\/wp\/v2\/posts\/573\/revisions"}],"predecessor-version":[{"id":816035,"href":"https:\/\/neurovirtual.com\/br\/wp-json\/wp\/v2\/posts\/573\/revisions\/816035"}],"wp:featuredmedia":[{"embeddable":true,"href":"https:\/\/neurovirtual.com\/br\/wp-json\/wp\/v2\/media\/816034"}],"wp:attachment":[{"href":"https:\/\/neurovirtual.com\/br\/wp-json\/wp\/v2\/media?parent=573"}],"wp:term":[{"taxonomy":"category","embeddable":true,"href":"https:\/\/neurovirtual.com\/br\/wp-json\/wp\/v2\/categories?post=573"},{"taxonomy":"post_tag","embeddable":true,"href":"https:\/\/neurovirtual.com\/br\/wp-json\/wp\/v2\/tags?post=573"}],"curies":[{"name":"wp","href":"https:\/\/api.w.org\/{rel}","templated":true}]}}